{"id":457824,"date":"2019-01-28T11:03:11","date_gmt":"2019-01-28T10:03:11","guid":{"rendered":"http:\/\/www.ivg.it\/?p=457824"},"modified":"2019-01-28T11:03:11","modified_gmt":"2019-01-28T10:03:11","slug":"marinai-savonesi-in-lutto-si-e-spento-giuliano-lippi","status":"publish","type":"post","link":"https:\/\/staging.ivg.it\/2019\/01\/marinai-savonesi-in-lutto-si-e-spento-giuliano-lippi\/","title":{"rendered":"Marinai Savonesi in lutto, si \u00e8 spento Giuliano Lippi"},"content":{"rendered":"<p><strong>Spotorno<\/strong>. Lutto per la comunit\u00e0 di Spotorno e per i Marinai Savonesi per la scomparsa del socio Giuliano Lippi, classe 1933.<\/p>\n<p>Lo ricorda il presidente dell&#8217;Anmi Luca Ghersi: &#8220;Membro attivo, fu tra coloro che fondarono la Sezione Aggregata di Vado Ligure\/Porto Vado del nostro Gruppo. E&#8217; stato un grande personaggio ed ha condotto una vita &#8216;ribelle&#8217; che per un certo periodo lo ha portato anche negli Stati Uniti. Ritornato in Italia ha sempre collaborato con gli amici di Vado Ligure rafforzando un legame fraterno che li legava sin dalla nascita&#8230;.. una vera &#8216;Band of Brothers&#8217; pur avendo trasferito la residenza a Spotorno&#8221;.<\/p>\n<p>&#8220;Per far comprendere al meglio chi era Giuliano Lippi basta ripensare a quanto accaduto il 17 Marzo 1955 a Taranto, citt\u00e0 nella quale stava svolgendo il servizio militare di leva&#8230;. un potenziale suicida ha tentato di togliersi la vita buttandosi dal Ponte Girevole: Giuliano non ci ha pensato un secondo e gli si \u00e8 gettato dietro, salvandolo. Per questo atto di coraggio e di generosit\u00e0 il Marinaio Giuliano Lippi \u00e8 stato decorato di Medaglia di Bronzo al valore civile. Buona navigazione nei Mari Celesti Marinaio&#8230; ciao Giuliano &#8230;. ci mancherai con il tuo spirito guascone e il tuo slang americano!!!!<br \/>\nUn abbraccio da tutti noi&#8221; conclude Ghersi.<\/p>\n","protected":false},"excerpt":{"rendered":"<p>Era decorato con la Medaglia di Bronzo al valore civile per aver salvato un uomo che tentava di togliersi la vita<\/p>\n","protected":false},"author":2394,"featured_media":0,"comment_status":"open","ping_status":"closed","sticky":false,"template":"","format":"standard","meta":{"footnotes":""},"categories":[34],"tags":[84803,1220,105275],"class_list":["post-457824","post","type-post","status-publish","format-standard","hentry","category-cronaca","tag-anmi-savona","tag-lutto","tag-marinai-savonesi","post_cat_citta-savona"],"amp_validity":null,"amp_enabled":true,"_links":{"self":[{"href":"https:\/\/staging.ivg.it\/ediapi\/wp\/v2\/posts\/457824","targetHints":{"allow":["GET"]}}],"collection":[{"href":"https:\/\/staging.ivg.it\/ediapi\/wp\/v2\/posts"}],"about":[{"href":"https:\/\/staging.ivg.it\/ediapi\/wp\/v2\/types\/post"}],"author":[{"embeddable":true,"href":"https:\/\/staging.ivg.it\/ediapi\/wp\/v2\/users\/2394"}],"replies":[{"embeddable":true,"href":"https:\/\/staging.ivg.it\/ediapi\/wp\/v2\/comments?post=457824"}],"version-history":[{"count":0,"href":"https:\/\/staging.ivg.it\/ediapi\/wp\/v2\/posts\/457824\/revisions"}],"wp:attachment":[{"href":"https:\/\/staging.ivg.it\/ediapi\/wp\/v2\/media?parent=457824"}],"wp:term":[{"taxonomy":"category","embeddable":true,"href":"https:\/\/staging.ivg.it\/ediapi\/wp\/v2\/categories?post=457824"},{"taxonomy":"post_tag","embeddable":true,"href":"https:\/\/staging.ivg.it\/ediapi\/wp\/v2\/tags?post=457824"}],"curies":[{"name":"wp","href":"https:\/\/api.w.org\/{rel}","templated":true}]}}