{"id":457417,"date":"2019-01-22T16:01:23","date_gmt":"2019-01-22T15:01:23","guid":{"rendered":"http:\/\/www.ivg.it\/?p=457417"},"modified":"2019-01-23T09:19:04","modified_gmt":"2019-01-23T08:19:04","slug":"la-madrina-del-varo-della-nuova-fregata-della-marina-militare-sara-savonese","status":"publish","type":"post","link":"https:\/\/staging.ivg.it\/2019\/01\/la-madrina-del-varo-della-nuova-fregata-della-marina-militare-sara-savonese\/","title":{"rendered":"La madrina del varo della nuova fregata della Marina Militare sar\u00e0 savonese"},"content":{"rendered":"<p><strong>Savona<\/strong>. Sar\u00e0 savonese la madrina della nona e penultima Unit\u00e0 FREMM (Fregata Europea Multi Missione) della Marina Militare Italiana che sar\u00e0 varata sabato 26 gennaio nel Cantiere Fincantieri di Riva Trigoso.<\/p>\n<p>Ad annunciarlo \u00e8 il presidente del Gruppo Anmi Vanni Folco di Savona Luca Ghersi che, con estrema soddisfazione, spiega: &#8220;Lo Stato Maggiore della Marina Militare ha individuato, nel ruolo di Madrina del Varo, il nostro Socio Onorario dottoressa Rosa Anna Aonzo, figlia del guardiamarina Giuseppe Aonzo, Eroe di Premuda e decorato di Medaglia d\u2019Oro al Valor Militare&#8221;.<\/p>\n<p>&#8220;Ringrazio il Capo di Stato Maggiore della Marina Militare Ammiraglio di Squadra Valter Girardelli che, con questa scelta, Onora il nostro grande Concittadino, la Citt\u00e0 di Savona, la Famiglia ed i Marinai Savonesi&#8221; conclude Ghersi.<\/p>\n<p>L\u2019Unit\u00e0 navale che sar\u00e0 varata sabato, contraddistinta dal distintivo ottico F598, frutto del progetto congiunto italo -francese, sar\u00e0 intitolata a Spartaco Schergat, eroe dei mezzi d\u2019assalto che prese parte alla leggendaria azione del 18-19 Dicembre 1941 quando 6 operatori \u201cletteralmente a cavalcioni\u201d di 3 SLC (Siluri a Lenta Corsa) rilasciati dal R. Smg. Scir\u00e8, affondarono nel Porto di Alessandria d\u2019Egitto le Corazzate Inglesi Queen Elizabeth e Vailant e danneggiarono il Cacciatorpediniere Jervis e la petroliera Sagona. I 6 eroici Marinai (Luigi Durand de La Penne, Emilio Bianchi, Antonio Marceglia, Spartaco Schergat, Vincenzo Martellotta, Mario Marino) furono decorati di Medaglia d\u2019Oro al Valor Militare.<\/p>\n<p>Al GM Giuseppe Aonzo \u00e8 intitolata dal 2007 la Caserma della Capitaneria di Porto \/ Guardia Costiera di Savona mentre dal 2009 il suo busto bronzeo \u00e8 posizionato nel Viale dei Pini all\u2019interno dell\u2019Accademia Militare di Livorno; tra tutti gli Eroi della Marina che gli allievi incontrano all\u2019interno dell\u2019Istituto di Formazione, il savonese Aonzo \u00e8 il primo che vedono.<div class=\"single-img-content-container fullwidth-single shortcode standard\">\n    <div class=\"image_container\" style=\"text-align: center;\">\n        <picture class=\" lazyload\"><img loading=\"lazy\" class=\"lazy\" data-srcset=\"https:\/\/www.ivg.it\/photogallery_new\/images\/2013\/06\/a-livorno-busto-bronzeo-dedicato-al-guardiamarina-savonese-g-211852.jpg 1024w, https:\/\/www.ivg.it\/photogallery_new\/images\/2013\/06\/a-livorno-busto-bronzeo-dedicato-al-guardiamarina-savonese-g-211852.jpg 970w, https:\/\/www.ivg.it\/photogallery_new\/images\/2013\/06\/a-livorno-busto-bronzeo-dedicato-al-guardiamarina-savonese-g-211852.jpg 660w, https:\/\/www.ivg.it\/photogallery_new\/images\/2013\/06\/a-livorno-busto-bronzeo-dedicato-al-guardiamarina-savonese-g-211852.jpg 316w, https:\/\/www.ivg.it\/photogallery_new\/images\/2013\/06\/a-livorno-busto-bronzeo-dedicato-al-guardiamarina-savonese-g-211852.jpg 150w\"  data-src=\"https:\/\/www.ivg.it\/photogallery_new\/images\/2013\/06\/a-livorno-busto-bronzeo-dedicato-al-guardiamarina-savonese-g-211852.jpg\" alt=\"A Livorno busto bronzeo dedicato al guardiamarina savonese Giuseppe Aonzo\" \/><\/picture>\r\n\n    <\/div>\n    <\/div>\n<\/p>\n<p>Giuseppe Aonzo nasce a Savona il 24 maggio 1887 da una famiglia di calafati. Fin da ragazzo si dedica alla vita di mare e diventa Capitano di Lungo Corso dopo aver frequentato l\u2019Istituto Nautico Leon Pancaldo, prendendo imbarco su unit\u00e0 mercantili. Allo scoppio delle ostilit\u00e0 contro l&#8217;Austria-Ungheria del 24 maggio 1915 si arruola nella Regia Marina con il grado di Capo Nocchiere di 2a Classe, conseguendo ben presto la nomina a Guardiamarina di complemento. Abile a coraggioso comandante del MAS21 fu, insieme al Capitano di corvetta Luigi Rizzo, uno degli eroi di Premuda, dirigendo l&#8217;azione del suo MAS contro la corazzata Tegetthoff. Al termine del conflitto lascia la Marina e ritorna nella natia Savona, dove riprende l&#8217;attivit\u00e0 nella Marina Mercantile. Muore a Savona nel suo letto il 1\u00b0 gennaio 1954.<\/p>\n","protected":false},"excerpt":{"rendered":"<p>Il ruolo \u00e8 stato affidato dal capo di stato maggiore alla dottoressa Rosa Anna Aonzo, figlia del comandante Giuseppe Aonzo, eroe di Premuda<\/p>\n","protected":false},"author":2394,"featured_media":0,"comment_status":"open","ping_status":"closed","sticky":false,"template":"","format":"standard","meta":{"footnotes":""},"categories":[56],"tags":[84803,102809,6681],"class_list":["post-457417","post","type-post","status-publish","format-standard","hentry","category-altre","tag-anmi-savona","tag-gruppo-anmi-savona","tag-marina-militare","post_cat_citta-savona","post_tag_personaggi-giuseppe-aonzo"],"amp_validity":null,"amp_enabled":true,"_links":{"self":[{"href":"https:\/\/staging.ivg.it\/ediapi\/wp\/v2\/posts\/457417","targetHints":{"allow":["GET"]}}],"collection":[{"href":"https:\/\/staging.ivg.it\/ediapi\/wp\/v2\/posts"}],"about":[{"href":"https:\/\/staging.ivg.it\/ediapi\/wp\/v2\/types\/post"}],"author":[{"embeddable":true,"href":"https:\/\/staging.ivg.it\/ediapi\/wp\/v2\/users\/2394"}],"replies":[{"embeddable":true,"href":"https:\/\/staging.ivg.it\/ediapi\/wp\/v2\/comments?post=457417"}],"version-history":[{"count":0,"href":"https:\/\/staging.ivg.it\/ediapi\/wp\/v2\/posts\/457417\/revisions"}],"wp:attachment":[{"href":"https:\/\/staging.ivg.it\/ediapi\/wp\/v2\/media?parent=457417"}],"wp:term":[{"taxonomy":"category","embeddable":true,"href":"https:\/\/staging.ivg.it\/ediapi\/wp\/v2\/categories?post=457417"},{"taxonomy":"post_tag","embeddable":true,"href":"https:\/\/staging.ivg.it\/ediapi\/wp\/v2\/tags?post=457417"}],"curies":[{"name":"wp","href":"https:\/\/api.w.org\/{rel}","templated":true}]}}