{"id":45730,"date":"2009-01-03T09:08:40","date_gmt":"2009-01-03T08:08:40","guid":{"rendered":"http:\/\/www.ivg.it\/?p=45730"},"modified":"2009-01-03T19:21:08","modified_gmt":"2009-01-03T18:21:08","slug":"la-befana-al-gaslini-scortata-dalle-500-partenza-da-garlenda","status":"publish","type":"post","link":"https:\/\/staging.ivg.it\/2009\/01\/la-befana-al-gaslini-scortata-dalle-500-partenza-da-garlenda\/","title":{"rendered":"La Befana al Gaslini scortata dalle 500: partenza da Garlenda"},"content":{"rendered":"<p><strong>[thumb:10113:l]Garlenda<\/strong>. Anche per il 2009 si rinnova l&#8217;ormai decennale appuntamento con la Befana all&#8217;Istituto Pediatrico &#8220;G. Gaslini&#8221; di Genova, grazie all&#8217;organizzazione del Fiat 500 Club di Garlenda. Marted\u00ec 6 gennaio un gruppo di 500 &#8220;scorter\u00e0&#8221; il camion della ditta Ponente Giochi di Albenga carico di giocattoli destinati ai piccoli pazienti. Saranno presenti anche rappresentanti del Comune, della Pro Loco e della Croce Bianca di Garlenda. L&#8217;animazione vedr\u00e0 la simpatica vecchietta con la scopa dispensatrice di doni e altri personaggi del mondo della fantasia.<\/p>\n<p>L&#8217;idea \u00e8 quella di realizzare un vero e proprio corteo che, partendo dalla Riviera di ponente (Sanremo) e dalla Riviera di levante (Recco), giunga fino al capoluogo raccogliendo via via i partecipanti per creare una colorata &#8220;carovana&#8221; della solidariet\u00e0 e del sorriso. Per l&#8217;occasione il Club dei cinquecentisti ha mobilitato i fiduciari liguri e del basso Piemonte, che a loro volta coinvolgeranno i soci dei rispettivi coordinamenti.<\/p>\n<p>La partenza da Garlenda avverr\u00e0 alle ore 7. La concentrazione delle vetture in Genova \u00e8 prevista alle ore 9 presso la Fiera del Mare; di l\u00ec si proceder\u00e0 in direzione dell&#8217;ospedale. I cinquecentisti, accompagnati dai volontari della Gaslini Band Band coordinata dal prof. Pierluigi Bruschettini, visiteranno poi i reparti per donare qualche momento di serenit\u00e0 ai bimbi ricoverati.<\/p>\n","protected":false},"excerpt":{"rendered":"<p>[thumb:10113:l]Garlenda. Anche per il 2009 si rinnova l&#8217;ormai decennale appuntamento con la Befana all&#8217;Istituto Pediatrico &#8220;G. Gaslini&#8221; di Genova, grazie all&#8217;organizzazione del Fiat 500 Club di Garlenda. Marted\u00ec 6 gennaio un gruppo di 500 &#8220;scorter\u00e0&#8221; il camion della ditta Ponente Giochi di Albenga carico di giocattoli destinati ai piccoli pazienti. Saranno presenti anche rappresentanti del [&hellip;]<\/p>\n","protected":false},"author":13744,"featured_media":0,"comment_status":"open","ping_status":"closed","sticky":false,"template":"","format":"standard","meta":{"footnotes":""},"categories":[],"tags":[335,5546,5424,478,5545,872],"class_list":["post-45730","post","type-post","status-publish","format-standard","hentry","tag-bambini","tag-befana","tag-epifania","tag-fiat-500","tag-gaslini","tag-ospedale","post_cat_citta-andora","post_cat_citta-garlenda"],"amp_validity":null,"amp_enabled":true,"_links":{"self":[{"href":"https:\/\/staging.ivg.it\/ediapi\/wp\/v2\/posts\/45730","targetHints":{"allow":["GET"]}}],"collection":[{"href":"https:\/\/staging.ivg.it\/ediapi\/wp\/v2\/posts"}],"about":[{"href":"https:\/\/staging.ivg.it\/ediapi\/wp\/v2\/types\/post"}],"author":[{"embeddable":true,"href":"https:\/\/staging.ivg.it\/ediapi\/wp\/v2\/users\/13744"}],"replies":[{"embeddable":true,"href":"https:\/\/staging.ivg.it\/ediapi\/wp\/v2\/comments?post=45730"}],"version-history":[{"count":0,"href":"https:\/\/staging.ivg.it\/ediapi\/wp\/v2\/posts\/45730\/revisions"}],"wp:attachment":[{"href":"https:\/\/staging.ivg.it\/ediapi\/wp\/v2\/media?parent=45730"}],"wp:term":[{"taxonomy":"category","embeddable":true,"href":"https:\/\/staging.ivg.it\/ediapi\/wp\/v2\/categories?post=45730"},{"taxonomy":"post_tag","embeddable":true,"href":"https:\/\/staging.ivg.it\/ediapi\/wp\/v2\/tags?post=45730"}],"curies":[{"name":"wp","href":"https:\/\/api.w.org\/{rel}","templated":true}]}}