{"id":457068,"date":"2019-01-17T15:58:39","date_gmt":"2019-01-17T14:58:39","guid":{"rendered":"http:\/\/www.ivg.it\/?p=457068"},"modified":"2019-01-17T17:34:29","modified_gmt":"2019-01-17T16:34:29","slug":"associazione-astrofili-il-21-gennaio-eclussi-totale-della-luna","status":"publish","type":"post","link":"https:\/\/staging.ivg.it\/2019\/01\/associazione-astrofili-il-21-gennaio-eclussi-totale-della-luna\/","title":{"rendered":"Associazione Astrofili: il 21 gennaio eclissi totale della Luna"},"content":{"rendered":"<p><strong>Savona.<\/strong> Il 21 gennaio ci sar\u00e0 una eclissi totale di Luna: l&#8217;evento inizier\u00e0 alle 4:33 di mattina e terminer\u00e0 con il tranoto della Luna. Oltre all&#8217;eclissi ci sar\u00e0 anche il fenomeno della Sper Luna in quanto la Luna sar\u00e0 molto vicina al perigeo, cio\u00e8 al punto in cui \u00e8 pi\u00f9 vicina alla Terra. <\/p>\n<p>L&#8217;Associazione Astrofili Orione seguir\u00e0 l&#8217;evento anche se non propone un&#8217;osservazione pubblica dato l&#8217;orario estremamente scomodo ma verranno mostrate le fotografie dell&#8217;evento la sera stessa alle ore 18 presso la libreria Ubik in corso Italia nell&#8217;ambito di una breve conferenza dal titolo \u201cEclissi e nascita del metodo scientifico\u201d di cui alleghiamo una breve presentazione.<\/p>\n<p>&#8220;Le eclissi sono eventi spettacolari e hanno sempre colpito l\u2019attenzione dell\u2019uomo ma soprattutto questi fenomeni hanno dato origine alla conoscenza scientifica del cosmo&#8221; spiega l&#8217;associazione savonese. <\/p>\n<p>&#8220;Il fenomeno \u00e8 semplice, la Luna passa nell\u2019ombra della Terra e non riceve pi\u00f9 la luce del Sole ma ha implicazioni notevoli, si possono ricavare informazioni sulla dimensione e sulla forma della Terra, sulla distanza della Luna e del Sole. Una vera e propria palestra per il metodo scientifico che gi\u00e0 migliaia di anni fa faceva progredire la conoscenza umana&#8221;. <\/p>\n<p>&#8220;L\u2019eclissi del 21 gennaio 2019 non \u00e8 una delle pi\u00f9 comode da osservare il periodo invernale e l\u2019ora estremamente scomoda 4:33 \u2013 7:50 ma senza dubbio \u00e8 degna di nota, la Luna sar\u00e0 anche al perigeo e si mostrer\u00e0 pi\u00f9 grossa del normale, quella che si dice una super Luna&#8221; conclude l&#8217;associazione Astrofili.<\/p>\n","protected":false},"excerpt":{"rendered":"<p>L&#8217;evento inizier\u00e0 alle 4:33 di mattina <\/p>\n","protected":false},"author":4,"featured_media":0,"comment_status":"open","ping_status":"closed","sticky":false,"template":"","format":"standard","meta":{"footnotes":""},"categories":[56],"tags":[6976,75767],"class_list":["post-457068","post","type-post","status-publish","format-standard","hentry","category-altre","tag-associazione-astrofili-orione","tag-eclissi-luna","post_cat_citta-savona"],"amp_validity":null,"amp_enabled":true,"_links":{"self":[{"href":"https:\/\/staging.ivg.it\/ediapi\/wp\/v2\/posts\/457068","targetHints":{"allow":["GET"]}}],"collection":[{"href":"https:\/\/staging.ivg.it\/ediapi\/wp\/v2\/posts"}],"about":[{"href":"https:\/\/staging.ivg.it\/ediapi\/wp\/v2\/types\/post"}],"author":[{"embeddable":true,"href":"https:\/\/staging.ivg.it\/ediapi\/wp\/v2\/users\/4"}],"replies":[{"embeddable":true,"href":"https:\/\/staging.ivg.it\/ediapi\/wp\/v2\/comments?post=457068"}],"version-history":[{"count":0,"href":"https:\/\/staging.ivg.it\/ediapi\/wp\/v2\/posts\/457068\/revisions"}],"wp:attachment":[{"href":"https:\/\/staging.ivg.it\/ediapi\/wp\/v2\/media?parent=457068"}],"wp:term":[{"taxonomy":"category","embeddable":true,"href":"https:\/\/staging.ivg.it\/ediapi\/wp\/v2\/categories?post=457068"},{"taxonomy":"post_tag","embeddable":true,"href":"https:\/\/staging.ivg.it\/ediapi\/wp\/v2\/tags?post=457068"}],"curies":[{"name":"wp","href":"https:\/\/api.w.org\/{rel}","templated":true}]}}