{"id":456832,"date":"2019-01-14T14:45:05","date_gmt":"2019-01-14T13:45:05","guid":{"rendered":"http:\/\/www.ivg.it\/?p=456832"},"modified":"2019-01-19T11:52:44","modified_gmt":"2019-01-19T10:52:44","slug":"rally-ronde-val-merula-cresce-lattesa-ad-un-mese-dal-via","status":"publish","type":"post","link":"https:\/\/staging.ivg.it\/2019\/01\/rally-ronde-val-merula-cresce-lattesa-ad-un-mese-dal-via\/","title":{"rendered":"Rally Ronde Val Merula, cresce l&#8217;attesa ad un mese dal via"},"content":{"rendered":"<p><strong>Andora<\/strong>. Hanno preso il via gioved\u00ec 10 gennaio le <strong>iscrizioni alla sesta edizione del Rally Ronde Val Merula<\/strong>. Gi\u00e0 nei primi giorni <strong>sono state numerose le adesioni<\/strong>, giunte anche da parte di equipaggi noti, e le richieste di informazioni a testimonianza del grande interesse verso la manifestazione motoristica ligure.<\/p>\n<p><strong>Tutto lo staff della Sportinfinity, guidato dal neo presidente Domenico Salati, \u00e8 al lavoro da tempo per l&#8217;organizzazione dell&#8217;evento nei suoi minimi dettagli.<\/strong><\/p>\n<p>&#8220;Una grande attenzione sar\u00e0 prestata all&#8217;aspetto della sicurezza, che per noi \u00e8 sempre prioritario &#8211; dicono dallo staff -. L&#8217;obiettivo \u00e8 infatti quello di offrire una giornata di sport in piena sicurezza sia per gli equipaggi sia per tutti gli appassionati di motori che ogni anno dimostrano grande affetto per la nostra gara&#8221;.<\/p>\n<p><strong>Il Rally Ronde Val Merula \u00e8 in programma domenica 10 febbraio<\/strong> con partenza e arrivo ad Andora, dove ci sar\u00e0 la direzione gara.<\/p>\n<p>I moduli per le iscrizioni sono disponibili sul sito ufficiale <strong><a href=\"http:\/\/www.sportinfinity.it\">www.sportinfinity.it<\/a><\/strong>.<\/p>\n<p>Per seguire gli aggiornamenti \u00e8 possibile consultare anche la pagina Facebook (<strong>Rally Ronde Val Merula<\/strong>) ed il profilo Twitter (<strong>@rallyvalmerula<\/strong>).<\/p>\n<p><em>Foto<\/em> PhotoBriano<\/p>\n","protected":false},"excerpt":{"rendered":"<p>Aperte le iscrizioni, stanno arrivando le prime adesioni<\/p>\n","protected":false},"author":18,"featured_media":0,"comment_status":"open","ping_status":"closed","sticky":false,"template":"","format":"standard","meta":{"footnotes":""},"categories":[45296,42377,32],"tags":[2982,99978],"class_list":["post-456832","post","type-post","status-publish","format-standard","hentry","category-copertina","category-altri-sport","category-sport","tag-rally","tag-ronde-val-merula","post_cat_citta-andora","post_cat_citta-stellanello","post_cat_citta-testico"],"amp_validity":null,"amp_enabled":true,"_links":{"self":[{"href":"https:\/\/staging.ivg.it\/ediapi\/wp\/v2\/posts\/456832","targetHints":{"allow":["GET"]}}],"collection":[{"href":"https:\/\/staging.ivg.it\/ediapi\/wp\/v2\/posts"}],"about":[{"href":"https:\/\/staging.ivg.it\/ediapi\/wp\/v2\/types\/post"}],"author":[{"embeddable":true,"href":"https:\/\/staging.ivg.it\/ediapi\/wp\/v2\/users\/18"}],"replies":[{"embeddable":true,"href":"https:\/\/staging.ivg.it\/ediapi\/wp\/v2\/comments?post=456832"}],"version-history":[{"count":0,"href":"https:\/\/staging.ivg.it\/ediapi\/wp\/v2\/posts\/456832\/revisions"}],"wp:attachment":[{"href":"https:\/\/staging.ivg.it\/ediapi\/wp\/v2\/media?parent=456832"}],"wp:term":[{"taxonomy":"category","embeddable":true,"href":"https:\/\/staging.ivg.it\/ediapi\/wp\/v2\/categories?post=456832"},{"taxonomy":"post_tag","embeddable":true,"href":"https:\/\/staging.ivg.it\/ediapi\/wp\/v2\/tags?post=456832"}],"curies":[{"name":"wp","href":"https:\/\/api.w.org\/{rel}","templated":true}]}}