{"id":456607,"date":"2019-01-10T19:30:20","date_gmt":"2019-01-10T18:30:20","guid":{"rendered":"http:\/\/www.ivg.it\/?p=456607"},"modified":"2019-01-10T19:30:20","modified_gmt":"2019-01-10T18:30:20","slug":"a-cairo-il-primo-premio-letterario-dedicato-al-compianto-pediatra-giorgio-gaiero","status":"publish","type":"post","link":"https:\/\/staging.ivg.it\/2019\/01\/a-cairo-il-primo-premio-letterario-dedicato-al-compianto-pediatra-giorgio-gaiero\/","title":{"rendered":"A Cairo il primo premio letterario dedicato al compianto pediatra Giorgio Gaiero"},"content":{"rendered":"<p><strong>Cairo Montenotte.<\/strong> Il ricordo del pediatra Giorgio Gaiero passa anche attraverso il primo concorso letterario Citt\u00e0 di Cairo al compianto medico. Ad organizzarlo \u00e8 la &#8220;Franco Tessore Associazione Culturale Fab Tune Lo Stile In Musica&#8221;, presieduta da Daniela Tessore, con il patrocinio del Comune, e la direzione del premio nazionale sar\u00e0 affidata all&#8217;ormai nota infermiera &#8211; scrittrice Giuliana Balzano.<\/p>\n<p>Bocche ancora cucite sul bando (che scadr\u00e0 a giugno e che a breve sar\u00e0 disponibile con i requisiti e le modalit\u00e0 di partecipazione), ma \u00e8 gi\u00e0 stata nominata la giuria che esaminer\u00e0 gli elaborati in gara, anche se i nomi dei componenti verranno svelati al termine del concorso. <\/p>\n<p>A quasi sette anni dalla scomparsa del pediatra, non si affievoliscono l&#8217;affetto e la stima dei valbormidesi per Giorgio Gaiero, il quale non \u00e8 stato solo un medico ma anche una grande persona di un&#8217;umanit\u00e0 pi\u00f9 unica che rara, nonch\u00e9 un punto di riferimento per migliaia di genitori proprio perch\u00e9 nella sua lunga carriera non ha mai messo in secondo piano l&#8217;amore per i bambini.<\/p>\n","protected":false},"excerpt":{"rendered":"<p>Ad organizzarlo \u00e8 l&#8217;associazione culturale &#8220;Franco Tessore&#8221; con il patrocinio del Comune e la direzione a cura di Giuliana Balzano <\/p>\n","protected":false},"author":10593,"featured_media":0,"comment_status":"open","ping_status":"closed","sticky":false,"template":"","format":"standard","meta":{"footnotes":""},"categories":[56],"tags":[],"class_list":["post-456607","post","type-post","status-publish","format-standard","hentry","category-altre","post_cat_citta-cairo-montenotte","post_cat_citta-valbormida","post_tag_personaggi-giorgio-gaiero"],"amp_validity":null,"amp_enabled":true,"_links":{"self":[{"href":"https:\/\/staging.ivg.it\/ediapi\/wp\/v2\/posts\/456607","targetHints":{"allow":["GET"]}}],"collection":[{"href":"https:\/\/staging.ivg.it\/ediapi\/wp\/v2\/posts"}],"about":[{"href":"https:\/\/staging.ivg.it\/ediapi\/wp\/v2\/types\/post"}],"author":[{"embeddable":true,"href":"https:\/\/staging.ivg.it\/ediapi\/wp\/v2\/users\/10593"}],"replies":[{"embeddable":true,"href":"https:\/\/staging.ivg.it\/ediapi\/wp\/v2\/comments?post=456607"}],"version-history":[{"count":0,"href":"https:\/\/staging.ivg.it\/ediapi\/wp\/v2\/posts\/456607\/revisions"}],"wp:attachment":[{"href":"https:\/\/staging.ivg.it\/ediapi\/wp\/v2\/media?parent=456607"}],"wp:term":[{"taxonomy":"category","embeddable":true,"href":"https:\/\/staging.ivg.it\/ediapi\/wp\/v2\/categories?post=456607"},{"taxonomy":"post_tag","embeddable":true,"href":"https:\/\/staging.ivg.it\/ediapi\/wp\/v2\/tags?post=456607"}],"curies":[{"name":"wp","href":"https:\/\/api.w.org\/{rel}","templated":true}]}}