{"id":456583,"date":"2019-01-10T14:53:45","date_gmt":"2019-01-10T13:53:45","guid":{"rendered":"http:\/\/www.ivg.it\/?p=456583"},"modified":"2019-01-10T14:54:30","modified_gmt":"2019-01-10T13:54:30","slug":"casanova-lerrone-il-cavallo-cade-nei-rovi-e-per-aiutarlo-il-proprietario-si-ferisce-a-sua-volta-soccorsi-mobilitati","status":"publish","type":"post","link":"https:\/\/staging.ivg.it\/2019\/01\/casanova-lerrone-il-cavallo-cade-nei-rovi-e-per-aiutarlo-il-proprietario-si-ferisce-a-sua-volta-soccorsi-mobilitati\/","title":{"rendered":"Casanova Lerrone, il cavallo cade nei rovi e per aiutarlo il proprietario si ferisce a sua volta: soccorsi mobilitati"},"content":{"rendered":"<p><strong>Casanova Lerrone.<\/strong> Curioso incidente questo pomeriggio, poco dopo le 14, a Casanova Lerrone, dove, durante un\u2019escursione, un cavallo, per motivi ancora sconosciuti, \u00e8 scivolato cadendo in mezzo ai rovi.<\/p>\n<p>Il proprietario ha cercato di aiutare l\u2019animale, ma con scarso esito e procurandosi a sua volta tagli e feriti.\u00a0Immediata la chiamata ai soccorsi. Sul posto, i militi della croce bianca di Albenga, il servizio veterinario e i vigili del fuoco, intervenuti con la squadra 51 di Albenga e l\u2019autoscala.<\/p>\n<p>Mentre l\u2019uomo, ferito in modo non grave, \u00e8 stato gi\u00e0 soccorso e medicato dal personale sanitario, pi\u00f9 complessa la situazione del cavallo. I pompieri sono impegnati per cercare di disincastrare l\u2019animale.<\/p>\n","protected":false},"excerpt":{"rendered":"<p>Sul posto la croce bianca di Albenga e i vigili del fuoco per cercare di disincastrare l\u2019animale ferito<\/p>\n","protected":false},"author":18599,"featured_media":0,"comment_status":"open","ping_status":"closed","sticky":false,"template":"","format":"standard","meta":{"footnotes":""},"categories":[45296,34],"tags":[1154,6403,309,618],"class_list":["post-456583","post","type-post","status-publish","format-standard","hentry","category-copertina","category-cronaca","tag-cavallo","tag-croce-bianca-albenga","tag-incidente","tag-vigili-del-fuoco","post_cat_citta-casanova-lerrone"],"amp_validity":null,"amp_enabled":true,"_links":{"self":[{"href":"https:\/\/staging.ivg.it\/ediapi\/wp\/v2\/posts\/456583","targetHints":{"allow":["GET"]}}],"collection":[{"href":"https:\/\/staging.ivg.it\/ediapi\/wp\/v2\/posts"}],"about":[{"href":"https:\/\/staging.ivg.it\/ediapi\/wp\/v2\/types\/post"}],"author":[{"embeddable":true,"href":"https:\/\/staging.ivg.it\/ediapi\/wp\/v2\/users\/18599"}],"replies":[{"embeddable":true,"href":"https:\/\/staging.ivg.it\/ediapi\/wp\/v2\/comments?post=456583"}],"version-history":[{"count":0,"href":"https:\/\/staging.ivg.it\/ediapi\/wp\/v2\/posts\/456583\/revisions"}],"wp:attachment":[{"href":"https:\/\/staging.ivg.it\/ediapi\/wp\/v2\/media?parent=456583"}],"wp:term":[{"taxonomy":"category","embeddable":true,"href":"https:\/\/staging.ivg.it\/ediapi\/wp\/v2\/categories?post=456583"},{"taxonomy":"post_tag","embeddable":true,"href":"https:\/\/staging.ivg.it\/ediapi\/wp\/v2\/tags?post=456583"}],"curies":[{"name":"wp","href":"https:\/\/api.w.org\/{rel}","templated":true}]}}