{"id":45644,"date":"2009-01-03T08:44:24","date_gmt":"2009-01-03T07:44:24","guid":{"rendered":"http:\/\/www.ivg.it\/2009\/01\/02\/loano-festa-in-piazza-con-i-lou-dalfin\/"},"modified":"2009-01-03T11:25:26","modified_gmt":"2009-01-03T10:25:26","slug":"loano-festa-in-piazza-con-i-lou-dalfin","status":"publish","type":"post","link":"https:\/\/staging.ivg.it\/2009\/01\/loano-festa-in-piazza-con-i-lou-dalfin\/","title":{"rendered":"Loano, festa in piazza con i Lou Dalfin"},"content":{"rendered":"<p><strong>[thumb:10108:l]Loano.<\/strong> Sar\u00e0 una festa con musica e danze occitane quella organizzata dall&#8217;assessorato al Turismo ed alla Cultura del Comune di Loano per oggi, sabato 3 gennaio, presso piazza Italia, davanti a Palazzo Doria. L&#8217;iniziativa prender\u00e0 il via alle 15,30, con il gruppo musicale ligure A brig\u00e0, che proporr\u00e0 un repertorio di canti originali, riarrangenti in stile &#8220;bal-folk&#8221;.<\/p>\n<p>La manifestazione entrer\u00e0 poi nel vivo con i Lou Dalfin, storica formazione piemontese che ha saputo fondere gli strumenti pi\u00f9 arcaici della tradizione d&#8217;Oc con i suoni moderni, reinventando la musica popolare occitana. Sul palco accanto a Sergio Berardo (voce, ghironda, organetto, flauti),  ci saranno Ricky Serra (batteria), Dino Tron (fisarmonica, organetto, cornamusa), Enrico Gosmar (chitarra), Daniele Giordano (basso), Mario Poletti (mandolino, bouzouki, banjo), Diego Vasserot (tromba), Valeria Benigni (voce).<\/p>\n","protected":false},"excerpt":{"rendered":"<p>[thumb:10108:l]Loano. Sar\u00e0 una festa con musica e danze occitane quella organizzata dall&#8217;assessorato al Turismo ed alla Cultura del Comune di Loano per oggi, sabato 3 gennaio, presso piazza Italia, davanti a Palazzo Doria. L&#8217;iniziativa prender\u00e0 il via alle 15,30, con il gruppo musicale ligure A brig\u00e0, che proporr\u00e0 un repertorio di canti originali, riarrangenti in [&hellip;]<\/p>\n","protected":false},"author":1385,"featured_media":0,"comment_status":"open","ping_status":"closed","sticky":false,"template":"","format":"standard","meta":{"footnotes":""},"categories":[],"tags":[369,85827,826],"class_list":["post-45644","post","type-post","status-publish","format-standard","hentry","tag-festa","tag-loano","tag-musica","post_cat_citta-loano"],"amp_validity":null,"amp_enabled":true,"_links":{"self":[{"href":"https:\/\/staging.ivg.it\/ediapi\/wp\/v2\/posts\/45644","targetHints":{"allow":["GET"]}}],"collection":[{"href":"https:\/\/staging.ivg.it\/ediapi\/wp\/v2\/posts"}],"about":[{"href":"https:\/\/staging.ivg.it\/ediapi\/wp\/v2\/types\/post"}],"author":[{"embeddable":true,"href":"https:\/\/staging.ivg.it\/ediapi\/wp\/v2\/users\/1385"}],"replies":[{"embeddable":true,"href":"https:\/\/staging.ivg.it\/ediapi\/wp\/v2\/comments?post=45644"}],"version-history":[{"count":0,"href":"https:\/\/staging.ivg.it\/ediapi\/wp\/v2\/posts\/45644\/revisions"}],"wp:attachment":[{"href":"https:\/\/staging.ivg.it\/ediapi\/wp\/v2\/media?parent=45644"}],"wp:term":[{"taxonomy":"category","embeddable":true,"href":"https:\/\/staging.ivg.it\/ediapi\/wp\/v2\/categories?post=45644"},{"taxonomy":"post_tag","embeddable":true,"href":"https:\/\/staging.ivg.it\/ediapi\/wp\/v2\/tags?post=45644"}],"curies":[{"name":"wp","href":"https:\/\/api.w.org\/{rel}","templated":true}]}}