{"id":456347,"date":"2019-01-07T09:50:36","date_gmt":"2019-01-07T08:50:36","guid":{"rendered":"http:\/\/www.ivg.it\/?p=456347"},"modified":"2019-01-07T09:50:36","modified_gmt":"2019-01-07T08:50:36","slug":"andora-edizione-da-record-per-il-presepe-vivente-di-duomo","status":"publish","type":"post","link":"https:\/\/staging.ivg.it\/2019\/01\/andora-edizione-da-record-per-il-presepe-vivente-di-duomo\/","title":{"rendered":"Andora, edizione da record per il presepe vivente di Duomo"},"content":{"rendered":"<p><strong>Andora<\/strong>. Record di presenze per la sesta edizione del Presepe vivente di Duomo. Migliaia di visitatori hanno affollato la caratteristica borgata di Andora e visitato le cantine aperte e allestite per l&#8217;occasione dall&#8217;Associazione Andora + che, dal 2014 ad oggi, con la collaborazione delle parrocchie di San Pietro e San Giovanni e della Pro Loco di Andora, ha riportato in auge il presepe che ha accompaganto l&#8217;infanzia degli andoresi.<\/p>\n<p>Un crescendo di successo che ha toccato l&#8217;apice con l&#8217;edizione 2019. Un fiume ininterrotto di persone \u00e8 salito lungo le vie del caratteristico borgo in pietra e ha affollato le cantine dove i figuranti hanno fatto rivivere antichi mestieri e personaggi del Presepe tradizionale.<\/p>\n<p>Quest&#8217;anno,per la prima volta, la Sacra Famiglia \u00e8 stata accolta nella chiesa di Maria Bambina dove,alle 17.00, si \u00e8 svolta la Santa Messa e dove sono giunti i Re Magi con i tradizionali doni per Bambinello.<\/p>\n<p>&#8220;Siamo soddisfatti del risultato e felici che l&#8217;appuntamento con la Nativit\u00e0 di Duomo sia tornata una tradizione per gli andoresi, ma anche un&#8217; attrattiva per i turisti&#8221; hanno dichiarato Gianvito Garassino, Simone Baldi e Emanuel Voltolin Visca dell&#8217;Associazione Andora + che ha voluto che l&#8217;edizione 2019 ospitasse anche un&#8217;iniziativa benefica. All&#8217;uscita del Presepe vivente, infatti, il pubblico poteva acquistare, ad offerta libera, delle stelle di Natale messe a disposizione dal Conad di Andora per raccogliere fondi in favore di una famiglia andorese la cui casa ha subito ingenti danni a causa di un incendio.<\/p>\n<p>&#8220;L&#8217;iniziativa proseguir\u00e0 per tutta la prossima settimana nel Conad di via Santa Caterina per coloro che, non essendo riusciti a venire a Duomo, ci hanno testimoniato la volont\u00e0 di essere vicini alla famiglia andorese in questa catena di solidariet\u00e0 &#8211; concludono gli organizzatori &#8211; Piccoli gesti che fanno la differenza per la nostra comunit\u00e0.&#8221;<\/p>\n","protected":false},"excerpt":{"rendered":"<p>Gli organizzatori: &#8220;Felici che la nostra Nativit\u00e0 sia tornata un appuntamento tradizionale per gli andoresi e un&#8217;attrattiva per i turisti&#8221;<\/p>\n","protected":false},"author":2394,"featured_media":0,"comment_status":"open","ping_status":"closed","sticky":false,"template":"","format":"standard","meta":{"footnotes":""},"categories":[56],"tags":[5294],"class_list":["post-456347","post","type-post","status-publish","format-standard","hentry","category-altre","tag-presepe-vivente","post_cat_citta-andora"],"amp_validity":null,"amp_enabled":true,"_links":{"self":[{"href":"https:\/\/staging.ivg.it\/ediapi\/wp\/v2\/posts\/456347","targetHints":{"allow":["GET"]}}],"collection":[{"href":"https:\/\/staging.ivg.it\/ediapi\/wp\/v2\/posts"}],"about":[{"href":"https:\/\/staging.ivg.it\/ediapi\/wp\/v2\/types\/post"}],"author":[{"embeddable":true,"href":"https:\/\/staging.ivg.it\/ediapi\/wp\/v2\/users\/2394"}],"replies":[{"embeddable":true,"href":"https:\/\/staging.ivg.it\/ediapi\/wp\/v2\/comments?post=456347"}],"version-history":[{"count":0,"href":"https:\/\/staging.ivg.it\/ediapi\/wp\/v2\/posts\/456347\/revisions"}],"wp:attachment":[{"href":"https:\/\/staging.ivg.it\/ediapi\/wp\/v2\/media?parent=456347"}],"wp:term":[{"taxonomy":"category","embeddable":true,"href":"https:\/\/staging.ivg.it\/ediapi\/wp\/v2\/categories?post=456347"},{"taxonomy":"post_tag","embeddable":true,"href":"https:\/\/staging.ivg.it\/ediapi\/wp\/v2\/tags?post=456347"}],"curies":[{"name":"wp","href":"https:\/\/api.w.org\/{rel}","templated":true}]}}