{"id":45558,"date":"2008-12-31T12:07:50","date_gmt":"2008-12-31T11:07:50","guid":{"rendered":"http:\/\/www.ivg.it\/2008\/12\/31\/pietra-ligure-104-temerari-per-il-cimento-invernale\/"},"modified":"2009-01-02T10:50:37","modified_gmt":"2009-01-02T09:50:37","slug":"pietra-ligure-104-temerari-per-il-cimento-invernale","status":"publish","type":"post","link":"https:\/\/staging.ivg.it\/2008\/12\/pietra-ligure-104-temerari-per-il-cimento-invernale\/","title":{"rendered":"Pietra Ligure, 104 temerari per il cimento invernale"},"content":{"rendered":"<p><strong>[thumb:4905:l]Pietra Ligure.<\/strong> Record di partecipanti al tradizionale cimento invernale di Pietra Ligure, che si \u00e8 svolto questa mattina ai Bagni Giardino. 104 il numero di iscritti per il consueto tuffo in mare di fine anno. Buone le condizioni meteo rispetto ai giorni scorsi: vento assente, 12 i gradi della temperatura dell&#8217;acqua e 10 di quella esterna.<\/p>\n<p>L&#8217;evento, presentato dal dj Franco Branco, \u00e8 stato patrocinato dal Comune di Pietra Ligure, con la collaborazione della Capitaneria di Porto di Loano e l&#8217;assistenza sanitaria di Pietra Soccorso. Suggestiva la cornice di pubblico che ha assistito alla manifestazione, sulla spiaggia, sul lungomare e sul molo pietrese: &#8220;il cimento invernale cresce di anno in anno, con sempre pi\u00f9 partecipanti e un pubblico sempre pi\u00f9 numeroso, e questo dimostra anche il buon afflusso di turisti per queste feste&#8221;, ha sottolineato il primo cittadino di Pietra Ligure Luigi De Vincenzi.<\/p>\n<p>I pi\u00f9 giovani temerari sono stati Pietro Notari di cinque anni e Silvia Occhionero di sette. I pi\u00f9 anziani Raffaella Airone di 84 anni e Antonio Aldovino di 78. I partecipanti arrivati da pi\u00f9 lontano sono stati Attilio Regazzoni della Valtellina ed Elena Svechena di Praga.<\/p>\n<p>Al termine della ciumba rinfresco con pasta, focaccia, panini e bevande per tutti.<\/p>\n<p>E per il 6 gennaio i Bagni Giardino ospiteranno un altro evento sulla spiaggia pietrese, con la &#8220;Befana dal mare&#8230;&#8221;.<\/p>\n","protected":false},"excerpt":{"rendered":"<p>[thumb:4905:l]Pietra Ligure. Record di partecipanti al tradizionale cimento invernale di Pietra Ligure, che si \u00e8 svolto questa mattina ai Bagni Giardino. 104 il numero di iscritti per il consueto tuffo in mare di fine anno. Buone le condizioni meteo rispetto ai giorni scorsi: vento assente, 12 i gradi della temperatura dell&#8217;acqua e 10 di quella [&hellip;]<\/p>\n","protected":false},"author":4,"featured_media":0,"comment_status":"open","ping_status":"closed","sticky":false,"template":"","format":"standard","meta":{"footnotes":""},"categories":[],"tags":[5351,85830],"class_list":["post-45558","post","type-post","status-publish","format-standard","hentry","tag-cimento","tag-pietra-ligure","post_cat_citta-andora","post_cat_citta-pietra-ligure"],"amp_validity":null,"amp_enabled":true,"_links":{"self":[{"href":"https:\/\/staging.ivg.it\/ediapi\/wp\/v2\/posts\/45558","targetHints":{"allow":["GET"]}}],"collection":[{"href":"https:\/\/staging.ivg.it\/ediapi\/wp\/v2\/posts"}],"about":[{"href":"https:\/\/staging.ivg.it\/ediapi\/wp\/v2\/types\/post"}],"author":[{"embeddable":true,"href":"https:\/\/staging.ivg.it\/ediapi\/wp\/v2\/users\/4"}],"replies":[{"embeddable":true,"href":"https:\/\/staging.ivg.it\/ediapi\/wp\/v2\/comments?post=45558"}],"version-history":[{"count":0,"href":"https:\/\/staging.ivg.it\/ediapi\/wp\/v2\/posts\/45558\/revisions"}],"wp:attachment":[{"href":"https:\/\/staging.ivg.it\/ediapi\/wp\/v2\/media?parent=45558"}],"wp:term":[{"taxonomy":"category","embeddable":true,"href":"https:\/\/staging.ivg.it\/ediapi\/wp\/v2\/categories?post=45558"},{"taxonomy":"post_tag","embeddable":true,"href":"https:\/\/staging.ivg.it\/ediapi\/wp\/v2\/tags?post=45558"}],"curies":[{"name":"wp","href":"https:\/\/api.w.org\/{rel}","templated":true}]}}