{"id":455158,"date":"2018-12-18T09:03:23","date_gmt":"2018-12-18T08:03:23","guid":{"rendered":"http:\/\/www.ivg.it\/?p=455158"},"modified":"2018-12-18T09:03:23","modified_gmt":"2018-12-18T08:03:23","slug":"meteo-brevissima-parentesi-stabile-da-domani-freddo-pioggia-e-neve-anche-a-bassa-quota","status":"publish","type":"post","link":"https:\/\/staging.ivg.it\/2018\/12\/meteo-brevissima-parentesi-stabile-da-domani-freddo-pioggia-e-neve-anche-a-bassa-quota\/","title":{"rendered":"Meteo: brevissima parentesi stabile, da domani freddo, pioggia e neve anche a bassa quota"},"content":{"rendered":"<p><strong>Liguria.<\/strong> Un breve, quanto veloce, rialzo dei geopotenziali a seguito della perturbazione del weekend ci regala una parentesi stabile. Lo affermano le previsioni del Centro Limet.<\/p>\n<p>L&#8217;allontanarsi del passaggio perturbato permette all&#8217;Alta pressione di riprendere campo con un innalzamento dei geopotenziali nell&#8217;area del Mediterraneo occidentale. Questa fase pi\u00f9 stabile avr\u00e0 comunque vita molto breve, in quanto una nuova perturbazione \u00e8 destinata ad interessare la Liguria.<\/p>\n<p>La mattinata odierna si apre con cieli sereni su gran parte del territorio, escludendo un  cordone di nubi sul mare al largo del settore centrale e nubi sparse nel centro-levante. Le condizioni di cieli, uniti ad un aumento della pressione ed all&#8217;assenza di ventilazione hanno permesso alle temperature di scendere in maniera efficace.<\/p>\n<p>Nelle vallate interne, complice la neve al suolo, si sono rilevate minime di tutto rispetto. Su tutte, per quanto riguarda il savonese, da citare i -7.5\u00b0C di Calizzano ed i -6.3\u00b0C di Giusvalla. Nelle altre localit\u00e0 interne del versante padano e non, si rilevano temperature minime tra i -4\u00b0 ed i +6\u00b0C a seconda dell&#8217;esposizione e che si tratti di un fondovalle o di un pendio. Lungo la costa si oscilla tra i +3\u00b0 ed i +10\u00b0C.<\/p>\n<p>Cosa attenderci nel corso della giornata? La fase stabile, come detto \u00e8 molto fugace, in quanto una nuova perturbazione atlantica si sta avvicinando da nord-ovest verso l&#8217;Italia. Gi\u00e0 dal pomeriggio assisteremo ad un graduale aumento della nuvolosit\u00e0 che si far\u00e0 pi\u00f9 estesa in serata, quando non sono esclusi sgocciolii tra genovesato e Tigullio. Le temperature massime saranno in calo a causa delle nubi, mentre guadagneranno qualche punto nell&#8217;entroterra.<\/p>\n<p>Il clou della perturbazione si vivr\u00e0 nella giornata di domani, mercoled\u00ec 19 dicembre, con piogge diffuse e nevicate a bassa quota in Appennino.<\/p>\n","protected":false},"excerpt":{"rendered":"<p>Le previsioni del centro meteo Limet<\/p>\n","protected":false},"author":10593,"featured_media":0,"comment_status":"open","ping_status":"closed","sticky":false,"template":"","format":"standard","meta":{"footnotes":""},"categories":[45296,34],"tags":[42023,652],"class_list":["post-455158","post","type-post","status-publish","format-standard","hentry","category-copertina","category-cronaca","tag-limet","tag-meteo"],"amp_validity":null,"amp_enabled":true,"_links":{"self":[{"href":"https:\/\/staging.ivg.it\/ediapi\/wp\/v2\/posts\/455158","targetHints":{"allow":["GET"]}}],"collection":[{"href":"https:\/\/staging.ivg.it\/ediapi\/wp\/v2\/posts"}],"about":[{"href":"https:\/\/staging.ivg.it\/ediapi\/wp\/v2\/types\/post"}],"author":[{"embeddable":true,"href":"https:\/\/staging.ivg.it\/ediapi\/wp\/v2\/users\/10593"}],"replies":[{"embeddable":true,"href":"https:\/\/staging.ivg.it\/ediapi\/wp\/v2\/comments?post=455158"}],"version-history":[{"count":0,"href":"https:\/\/staging.ivg.it\/ediapi\/wp\/v2\/posts\/455158\/revisions"}],"wp:attachment":[{"href":"https:\/\/staging.ivg.it\/ediapi\/wp\/v2\/media?parent=455158"}],"wp:term":[{"taxonomy":"category","embeddable":true,"href":"https:\/\/staging.ivg.it\/ediapi\/wp\/v2\/categories?post=455158"},{"taxonomy":"post_tag","embeddable":true,"href":"https:\/\/staging.ivg.it\/ediapi\/wp\/v2\/tags?post=455158"}],"curies":[{"name":"wp","href":"https:\/\/api.w.org\/{rel}","templated":true}]}}