{"id":454825,"date":"2018-12-13T13:21:09","date_gmt":"2018-12-13T12:21:09","guid":{"rendered":"http:\/\/www.ivg.it\/?p=454825"},"modified":"2018-12-13T13:21:18","modified_gmt":"2018-12-13T12:21:18","slug":"in-regione-la-giornata-della-trasparenza-piana-la-trasparenza-presupposto-per-la-democrazia","status":"publish","type":"post","link":"https:\/\/staging.ivg.it\/2018\/12\/in-regione-la-giornata-della-trasparenza-piana-la-trasparenza-presupposto-per-la-democrazia\/","title":{"rendered":"In Regione la &#8220;Giornata della Trasparenza&#8221;. Piana: &#8220;La trasparenza presupposto per la democrazia&#8221;"},"content":{"rendered":"<p><strong>Regione.<\/strong> Questa mattina nella sala di rappresentanza della Regione Liguria, in via Fieschi, a Genova si \u00e8 svolta la &#8220;Giornata della Trasparenza&#8221;. L\u2019incontro \u00e8 stato organizzato dall\u2019assemblea legislativa e della giunta.<\/p>\n<p>Ha aperto i lavori il presidente del consiglio regionale Alessandro Piana: &#8220;La trasparenza \u00e8 un valore cui solo recentemente \u00e8 stata attribuita l\u2019importanza che merita, ma da oltre cinquanta anni \u00e8 considerata una guida per l\u2019azione amministrativa e un presupposto per la democrazia. In una societ\u00e0 libera non deve esserci spazio per parole come segretezza, occultamento e restrizioni. La societ\u00e0 \u00e8 sana quando i cittadini sono completamente informati in merito all\u2019operato della pubblica amministrazione. La trasparenza \u00e8, inoltre, strumento indispensabile per la lotta alla corruzione, per la partecipazione e per la costruzione della fiducia reciproca, della fiducia tra cittadini e istituzioni&#8221;.<\/p>\n<p>Il presidente ha ammonito: &#8220;In Italia l&#8217;interesse per l\u2019argomento \u00e8 in forte crescita, la Giornata della trasparenza non deve pertanto essere un rito vuoto, ma un\u2019occasione concreta per sottolineare l\u2019importanza del tema, per rinnovare e rinforzare il patto tra la politica e la societ\u00e0 civile, sia nell\u2019ottica della lotta alla corruzione. L\u2019auspicio \u00e8, dunque, che da questa giornata emergano spunti e sollecitazioni per il nostro lavoro, per definire procedure, flussi, strumenti informativi e modelli organizzativi, finalizzati alla riduzione degli oneri e a un sempre maggiore coinvolgimento di cittadini e imprese&#8221;.<\/p>\n<p>Hanno partecipato ai lavori Francesco Lalla, difensore civico, Paolo Sottili, direttore generale della direzione centrale organizzazione della giunta regionale, Franco Rizzo, responsabile trasparenza dell&#8217;assemblea legislativa, Luca Nervi, responsabile anticorruzione e trasparenza della giunta regionale, e Leonardo Falduto, docente di economia aziendale e organismo indipendente di valutazione Regione Liguria.<\/p>\n","protected":false},"excerpt":{"rendered":"<p>Aperta oggi la giornata di studio dedicata alle misure adottate dalla pubblica amministrazione regionale anche alla lotta della corruzione<\/p>\n","protected":false},"author":12120,"featured_media":0,"comment_status":"open","ping_status":"closed","sticky":false,"template":"","format":"standard","meta":{"footnotes":""},"categories":[31],"tags":[105169,295],"class_list":["post-454825","post","type-post","status-publish","format-standard","hentry","category-politica","tag-giornata-della-trasparenza","tag-regione","post_tag_personaggi-alessandro-piana"],"amp_validity":null,"amp_enabled":true,"_links":{"self":[{"href":"https:\/\/staging.ivg.it\/ediapi\/wp\/v2\/posts\/454825","targetHints":{"allow":["GET"]}}],"collection":[{"href":"https:\/\/staging.ivg.it\/ediapi\/wp\/v2\/posts"}],"about":[{"href":"https:\/\/staging.ivg.it\/ediapi\/wp\/v2\/types\/post"}],"author":[{"embeddable":true,"href":"https:\/\/staging.ivg.it\/ediapi\/wp\/v2\/users\/12120"}],"replies":[{"embeddable":true,"href":"https:\/\/staging.ivg.it\/ediapi\/wp\/v2\/comments?post=454825"}],"version-history":[{"count":0,"href":"https:\/\/staging.ivg.it\/ediapi\/wp\/v2\/posts\/454825\/revisions"}],"wp:attachment":[{"href":"https:\/\/staging.ivg.it\/ediapi\/wp\/v2\/media?parent=454825"}],"wp:term":[{"taxonomy":"category","embeddable":true,"href":"https:\/\/staging.ivg.it\/ediapi\/wp\/v2\/categories?post=454825"},{"taxonomy":"post_tag","embeddable":true,"href":"https:\/\/staging.ivg.it\/ediapi\/wp\/v2\/tags?post=454825"}],"curies":[{"name":"wp","href":"https:\/\/api.w.org\/{rel}","templated":true}]}}