{"id":454678,"date":"2018-12-11T21:06:16","date_gmt":"2018-12-11T20:06:16","guid":{"rendered":"http:\/\/www.ivg.it\/?p=454678"},"modified":"2018-12-13T09:49:09","modified_gmt":"2018-12-13T08:49:09","slug":"attentato-a-strasburgo-europarlamentari-briano-e-benifei-stiamo-bene-ma-siamo-blindati","status":"publish","type":"post","link":"https:\/\/staging.ivg.it\/2018\/12\/attentato-a-strasburgo-europarlamentari-briano-e-benifei-stiamo-bene-ma-siamo-blindati\/","title":{"rendered":"Attentato a Strasburgo, europarlamentari Briano e Benifei: &#8220;Stiamo bene, ma siamo blindati&#8221;"},"content":{"rendered":"<p><strong>Strasburgo. <em>Agg h 13:01 (12\/12\/2018)\u00a0<\/em><\/strong>&#8220;La Commissione XIV Politiche dell&#8217;Unione europea della Camera durante la seduta odierna ha ricordato la strage avvenuta ieri sera al mercatino di Natale di Strasburgo e costato la vita a due persone. Altre 14 sono ferite, alcune gravemente, tra loro anche il giornalista italiano Antonio Megalizzi. Nello stringersi al dolore delle famiglie colpite, e nell&#8217;augurare la pronta guarigione ai feriti, la Commissione tutta intende esprimere vicinanza al popolo francese e rivolgere un abbraccio ai dipendenti, ai funzionari e ai colleghi dell&#8217;Europarlamento che si trovavano l\u00ec per lavoro&#8221;. Lo fa sapere, tramite una nota, la Commissione per le Politiche Ue della Camera.<\/p>\n<p>A Strasburgo, il Parlamento Europeo \u00e8 stato blindato come dall&#8217;ordine del presidente Antonio Tajani mentre Emmanuel Macron ha lasciato in anticipo un ricevimento in corso all&#8217;Eliseo per seguire personalmente i fatti di Strasburgo.<\/p>\n<p>Tra gli spari in mezzo ai passanti 2 morti e 14 feriti, tra cui un giornalista italiano di 29 anni, Antonio Megalizzi, originario di Trento, ricoverato in gravi consizioni. Si cerca il terrorista Ch\u00e9rif Chekatt, 29 anni e sembra che non abbia agito da solo ma insieme ad un altro sospettato.<\/p>\n<p>&#8211; Tre diversi attacchi a pochi chilometri dal Parlamento Europeo. Momenti di paura e grande tensione a Strasburgo per una serie di sparatorie che hanno investito il centro della localit\u00e0 francese, nei pressi del Mercatino di Natale. C&#8217;\u00e8 stato un fuggi fuggi tra i turisti, che hanno vissuto attimi di grande panico.<\/p>\n<p>Stando alle prime informazioni sul presunto attacco terroristico ci sarebbero morti e feriti, ma ad ora le notizie sono molto frammentarie.<\/p>\n<p>Il mercatino \u00e8 stato evacuato e l&#8217;area intorno al centro storico \u00e8 stata blindata: anche la zona del Parlamento Europeo \u00e8 stata chiusa per ragioni di sicurezza.<\/p>\n<p>IVG.it ha sentito due parlamentari europei del nostro territorio, Renata Briano e Brando Benifei. \u201cEro nella zona fino a poco prima degli spari, stiamo bene \u2013 racconta l\u2019europarlamentare Renata Briano -. Ora mi trovo in un ristorante fuori citt\u00e0 e non ci fanno rientrare in albergo\u2026\u201d.<\/p>\n<p>\u201cSto bene, sono in Parlamento\u2026\u201d ha riferito Brando Benifei.\u00a0Molti i liguri presenti nella cittadina francese, in vacanza o per ragioni di lavoro, ad ora non si ha conferma su cittadini savonesi. Le prime testimonianze anche via social parlano di un vero e proprio &#8220;inferno&#8221;, tutti rinchiusi in casa o nei locali, tra panico e paura.<\/p>\n<p>Tra i feriti si parla anche di un italiano. Strasburgo \u00e8 blindato ed \u00e8 caccia da parte della polizia all&#8217;attentatore o agli attentatori che hanno sconvolto una tranquilla serta pre-natalizia nella cittadina francese.<\/p>\n","protected":false},"excerpt":{"rendered":"<p>Momenti di paura e tensione nella localit\u00e0 francese, spari in tre diversi punti: centro presidiato<\/p>\n","protected":false},"author":4,"featured_media":0,"comment_status":"open","ping_status":"closed","sticky":false,"template":"","format":"standard","meta":{"footnotes":""},"categories":[45296,34],"tags":[3404],"class_list":["post-454678","post","type-post","status-publish","format-standard","hentry","category-copertina","category-cronaca","tag-attentato"],"amp_validity":null,"amp_enabled":true,"_links":{"self":[{"href":"https:\/\/staging.ivg.it\/ediapi\/wp\/v2\/posts\/454678","targetHints":{"allow":["GET"]}}],"collection":[{"href":"https:\/\/staging.ivg.it\/ediapi\/wp\/v2\/posts"}],"about":[{"href":"https:\/\/staging.ivg.it\/ediapi\/wp\/v2\/types\/post"}],"author":[{"embeddable":true,"href":"https:\/\/staging.ivg.it\/ediapi\/wp\/v2\/users\/4"}],"replies":[{"embeddable":true,"href":"https:\/\/staging.ivg.it\/ediapi\/wp\/v2\/comments?post=454678"}],"version-history":[{"count":0,"href":"https:\/\/staging.ivg.it\/ediapi\/wp\/v2\/posts\/454678\/revisions"}],"wp:attachment":[{"href":"https:\/\/staging.ivg.it\/ediapi\/wp\/v2\/media?parent=454678"}],"wp:term":[{"taxonomy":"category","embeddable":true,"href":"https:\/\/staging.ivg.it\/ediapi\/wp\/v2\/categories?post=454678"},{"taxonomy":"post_tag","embeddable":true,"href":"https:\/\/staging.ivg.it\/ediapi\/wp\/v2\/tags?post=454678"}],"curies":[{"name":"wp","href":"https:\/\/api.w.org\/{rel}","templated":true}]}}