{"id":45465,"date":"2008-12-30T11:30:10","date_gmt":"2008-12-30T10:30:10","guid":{"rendered":"http:\/\/www.ivg.it\/?p=45465"},"modified":"2008-12-31T10:55:50","modified_gmt":"2008-12-31T09:55:50","slug":"savona-il-sindaco-berruti-annuncia-i-programmi-per-il-nuovo-anno","status":"publish","type":"post","link":"https:\/\/staging.ivg.it\/2008\/12\/savona-il-sindaco-berruti-annuncia-i-programmi-per-il-nuovo-anno\/","title":{"rendered":"Savona, il sindaco Berruti annuncia i programmi per il nuovo anno"},"content":{"rendered":"<p><strong>[image:10091:r:s=1]Savona<\/strong>. Il sindaco savonese Federico Berruti ha tracciato oggi nel corso della conferenza stampa di fine anno un bilancio del 2008, parlando dei risultati finora raggiunti durante il percorso di governo cittadino ed ha delineato gli obiettivi dell&#8217;amministrazione civica per i prossimi 365 giorni.<\/p>\n<p>Diversi i punti cardine conseguiti nel corso dei dodici mesi trascorsi. Berruti ha rivendicato con particolare orgoglio il sostegno, sia sul piano politico che finanziario, dedicato al rilancio del trasporto locale, avvenuto in gran parte grazie allo sviluppo del piano industriale di Acts ma anche attraverso le iniziative di promozione dei mezzi pubblici.<\/p>\n<p>Anche l&#8217;ambiente \u00e8 stato al centro del discorso di fine anno del primo cittadino: &#8220;Su questo tema &#8211; ha dichiarato &#8211; metto in evidenza la realizzazione pressoch\u00e9 definitiva del programma di incremento della qualit\u00e0 urbana di Ata, i programmi in corso di manutenzione degli edifici scolastici, delle strade e dell&#8217;illuminazione, i programmi di &#8216;bike sharing&#8217;, l&#8217;individuazione dell&#8217;oasi ecologica alla foce del Letimbro, l&#8217;ottenimento della certificazione ambientale. Rimane aperto il tema dello smaltimento finale dei rifiuti&#8221;.<\/p>\n<p>&#8220;Abbiamo onorato l&#8217;impegno per un citt\u00e0 coesa e solidale, con al centro il tema della qualit\u00e0 della vita e il benessere dei residenti &#8211; ha proseguito poi Berruti &#8211; Questo ha significato in primo luogo consolidare e sviluppare le politiche sociali ed educative. Sottolineo il potenziamento dei servizi per l&#8217;infanzia, sia invernali che estivi, i servizi di assistenza domiciliare per anziani e disabili, l&#8217;approvazione del piano del distretto socio-sanitario e dei piani di ambito territoriale&#8221;.<\/p>\n<p>Tra i vari compiti che la giunta dovr\u00e0 affrontare nel 2009, il primo cittadino ha indicato la creazione di un tavolo permanente per lo sviluppo economico e l&#8217;elaborazione del piano regolatore sociale. Particolare attenzione verr\u00e0 rivolta all&#8217;urbanistica, che vedr\u00e0 la prosecuzione della realizzazione del piano di edilizia residenziale popolare ed una serie di interventi pubblici di riqualificazione del fronte mare che va dalla zona del Priamar a Zinola, nell&#8217;ambito dei piani della portualit\u00e0 che, nelle parole stesse di Berruti, &#8220;vedono Savona capofila nei disegni di sviluppo logistico dell&#8217;asse tra Cuneo e la citt\u00e0 della Torretta&#8221;.<\/p>\n<p>Sul piano della viabilit\u00e0, si andr\u00e0 verso la realizzazione del nuovo casello di Albamare, che sar\u00e0 strettamente interconnesso alla creazione dell&#8217;Aurelia Bis e dello svincolo all&#8217;altezza di via Scotto. Prospettiva aperta anche per nascita di un nuovo ponte sul torrente Letimbro, gi\u00e0 previsto nel Puc, che andr\u00e0 a collegare via Falletti, nel quartiere di Villapiana, con corso Ricci.<\/p>\n<p>L&#8217;area di piazza del Popolo, nella parte degradata e spesso rifugio di tossicodipendenti e sbandati, sar\u00e0 riqualificata e rivitalizzata. &#8220;La zona sar\u00e0 restituita ai savonesi&#8221; ha annunciato il sindaco, che ha inoltre promesso impegno sul fronte della cittadella dell&#8217;innovazione al Campus universitario di Legino.<\/p>\n<p>Il primo cittadino savonese ha poi commentato cos\u00ec il futuro del progetto del porticciolo della Margonara, che ha ricevuto un primo stop proprio verso la fine dell&#8217;anno: &#8220;Sono convinto che l&#8217;iter potr\u00e0 ripartire nel 2009 e ritengo che la discussione verter\u00e0 non sul &#8216;se&#8217; realizzarlo, ma sul &#8216;come&#8217;. Credo che tutti noi abbiamo a cuore lo scoglio della Madonnetta, tuttavia la concretizzazione di un porto turistico \u00e8 fondamentale per la crescita futura della citt\u00e0&#8221;.<\/p>\n","protected":false},"excerpt":{"rendered":"<p>[image:10091:r:s=1]Savona. Il sindaco savonese Federico Berruti ha tracciato oggi nel corso della conferenza stampa di fine anno un bilancio del 2008, parlando dei risultati finora raggiunti durante il percorso di governo cittadino ed ha delineato gli obiettivi dell&#8217;amministrazione civica per i prossimi 365 giorni. Diversi i punti cardine conseguiti nel corso dei dodici mesi trascorsi. [&hellip;]<\/p>\n","protected":false},"author":4,"featured_media":0,"comment_status":"open","ping_status":"closed","sticky":false,"template":"","format":"standard","meta":{"footnotes":""},"categories":[35,31],"tags":[4331,1360,1062,85999],"class_list":["post-45465","post","type-post","status-publish","format-standard","hentry","category-economia","category-politica","tag-amministrazione","tag-bilancio","tag-federico-berruti","tag-sindaco","post_cat_citta-savona"],"amp_validity":null,"amp_enabled":true,"_links":{"self":[{"href":"https:\/\/staging.ivg.it\/ediapi\/wp\/v2\/posts\/45465","targetHints":{"allow":["GET"]}}],"collection":[{"href":"https:\/\/staging.ivg.it\/ediapi\/wp\/v2\/posts"}],"about":[{"href":"https:\/\/staging.ivg.it\/ediapi\/wp\/v2\/types\/post"}],"author":[{"embeddable":true,"href":"https:\/\/staging.ivg.it\/ediapi\/wp\/v2\/users\/4"}],"replies":[{"embeddable":true,"href":"https:\/\/staging.ivg.it\/ediapi\/wp\/v2\/comments?post=45465"}],"version-history":[{"count":0,"href":"https:\/\/staging.ivg.it\/ediapi\/wp\/v2\/posts\/45465\/revisions"}],"wp:attachment":[{"href":"https:\/\/staging.ivg.it\/ediapi\/wp\/v2\/media?parent=45465"}],"wp:term":[{"taxonomy":"category","embeddable":true,"href":"https:\/\/staging.ivg.it\/ediapi\/wp\/v2\/categories?post=45465"},{"taxonomy":"post_tag","embeddable":true,"href":"https:\/\/staging.ivg.it\/ediapi\/wp\/v2\/tags?post=45465"}],"curies":[{"name":"wp","href":"https:\/\/api.w.org\/{rel}","templated":true}]}}