{"id":454210,"date":"2018-12-06T16:11:52","date_gmt":"2018-12-06T15:11:52","guid":{"rendered":"http:\/\/www.ivg.it\/?p=454210"},"modified":"2018-12-06T16:12:02","modified_gmt":"2018-12-06T15:12:02","slug":"sanita-il-consigliere-regionale-de-vincenzi-pd-completato-il-depauperamento-del-pubblico-a-favore-dei-privati","status":"publish","type":"post","link":"https:\/\/staging.ivg.it\/2018\/12\/sanita-il-consigliere-regionale-de-vincenzi-pd-completato-il-depauperamento-del-pubblico-a-favore-dei-privati\/","title":{"rendered":"Sanit\u00e0, il consigliere regionale De Vincenzi (Pd): \u201cCompletato il depauperamento del pubblico a favore dei privati\u201d"},"content":{"rendered":"<p><strong>Albenga-Cairo Montenotte.<\/strong> \u201cUna vera e propria &#8220;resa&#8221; del pubblico al privato, con all&#8217;orizzonte un definitivo ridimensionamento del Santa Corona e dell&#8217;intera offerta sanitaria pubblica della Liguria\u201d.<\/p>\n<p>\u00c8 questa l\u2019analisi in tema di sanit\u00e0 ligure formulata dal consigliere\u00a0 regionale del Pd ligure e vicepresidente del Consiglio regionale Luigi De Vincenzi, che ha voluto ringraziare anche il presidente della Commissione regionale Sanit\u00e0 Matteo Rosso, ieri in visita a sorpresa all\u2019ospedale di Albenga.<\/p>\n<p>\u201cRingrazio il presidente della Commissione Sanit\u00e0 Matteo Rosso per la visita di ieri all\u2019ospedale di Albenga e per la sua attenzione nel voler verificare, di persona, la situazione difficile in cui versa la sanit\u00e0 pubblica nel nostro territorio, &#8211; ha esordito De Vincenzi. -Conoscendo la sua sensibilit\u00e0 di addetto ai lavori, sono contento che si sia reso conto della situazione di estrema fragilit\u00e0 in cui versa la sanit\u00e0 della nostra regione e in particolare del ponente ligure\u201d.<\/p>\n<p>\u201cUn esempio lampante \u00e8 ci\u00f2 che sta succedendo in un presidio fondamentale come quello di Albenga che, oltre a essere punto di riferimento per l&#8217;intera zona, in sinergia\u00a0 con il Santa Corona e il suo Dea di secondo livello, avrebbe dovuto e potuto essere un ospedale pubblico &#8220;integrato&#8221;, capace di rispondere efficacemente e in eccellenza al grande bisogno sanitario dell&#8217;intero territorio del ponente savonese e non solo.\u00a0E invece cosi non \u00e8 e non sar\u00e0\u201d.<\/p>\n<p>\u201cRosso \u00e8 stato fin troppo discreto nel rilevare le mancanze e le criticit\u00e0 che, giorno dopo giorno, si sono sommate in questi ultimi 3 anni, fino a restituire un quadro della sanit\u00e0 del ponente savonese desolante e purtroppo devastato. D\u2019altra parte non poteva che essere cos\u00ec. In questi ultimi tre anni e mezzo la gestione leghista non ha fatto altro che depotenziare, giorno dopo giorno, gli ospedali del savonese e in particolare il Santa Corona, unico Dea di secondo livello in Liguria insieme al San Martino di Genova, che \u00e8 stato e continua a essere vittima di una pessima gestione\u201d.<\/p>\n<p>\u201cTagli continui ai servizi, organici ridotti all\u2019osso di medici e infermieri, mancata nomina dei primari, diminuzione drastica del numero delle specialit\u00e0 e ridimensionamenti di ogni tipo sono stati i leit motiv di questi anni. E il risultato \u00e8 sotto gli occhi di tutti, soprattutto dei pazienti, che devono sopportare disagi, code e lunghe liste d\u2019attesa, con conseguente aumento delle fughe\u201d.<\/p>\n<p>\u201cIl personale sta facendo il possibile e anche di pi\u00f9 per garantire un servizio ai cittadini, ma il depotenziamento continuo della sanit\u00e0 ha inevitabilmente creato un guscio vuoto offerto su un piatto d\u2019argento ai privati, che oggi si aggiudicano alcuni ospedali liguri (fra cui quello di Albenga). Una vera e propria &#8220;resa&#8221; del pubblico al privato, con all&#8217;orizzonte un definitivo ridimensionamento del Santa Corona e dell&#8217;intera offerta sanitaria pubblica della Liguria\u201d, ha concluso De Vincenzi.<\/p>\n","protected":false},"excerpt":{"rendered":"<p>\u201cAnche il presidente della Commissione Sanit\u00e0 Rosso si \u00e8 reso conto dello stato in cui versa la sanit\u00e0 ligure\u201d<\/p>\n","protected":false},"author":18599,"featured_media":0,"comment_status":"open","ping_status":"closed","sticky":false,"template":"","format":"standard","meta":{"footnotes":""},"categories":[35,31],"tags":[89022,99651,5669,65286,65062],"class_list":["post-454210","post","type-post","status-publish","format-standard","hentry","category-economia","category-politica","tag-gruppo-pd-regione","tag-san-giuseppe-cairo","tag-sanita-ligure","tag-santa-corona-pietra-ligure","tag-santa-maria-misericordia","post_cat_citta-albenga","post_cat_citta-cairo-montenotte","post_tag_personaggi-luigi-de-vincenzi"],"amp_validity":null,"amp_enabled":true,"_links":{"self":[{"href":"https:\/\/staging.ivg.it\/ediapi\/wp\/v2\/posts\/454210","targetHints":{"allow":["GET"]}}],"collection":[{"href":"https:\/\/staging.ivg.it\/ediapi\/wp\/v2\/posts"}],"about":[{"href":"https:\/\/staging.ivg.it\/ediapi\/wp\/v2\/types\/post"}],"author":[{"embeddable":true,"href":"https:\/\/staging.ivg.it\/ediapi\/wp\/v2\/users\/18599"}],"replies":[{"embeddable":true,"href":"https:\/\/staging.ivg.it\/ediapi\/wp\/v2\/comments?post=454210"}],"version-history":[{"count":0,"href":"https:\/\/staging.ivg.it\/ediapi\/wp\/v2\/posts\/454210\/revisions"}],"wp:attachment":[{"href":"https:\/\/staging.ivg.it\/ediapi\/wp\/v2\/media?parent=454210"}],"wp:term":[{"taxonomy":"category","embeddable":true,"href":"https:\/\/staging.ivg.it\/ediapi\/wp\/v2\/categories?post=454210"},{"taxonomy":"post_tag","embeddable":true,"href":"https:\/\/staging.ivg.it\/ediapi\/wp\/v2\/tags?post=454210"}],"curies":[{"name":"wp","href":"https:\/\/api.w.org\/{rel}","templated":true}]}}