{"id":454207,"date":"2018-12-06T15:51:50","date_gmt":"2018-12-06T14:51:50","guid":{"rendered":"http:\/\/www.ivg.it\/?p=454207"},"modified":"2018-12-06T15:59:19","modified_gmt":"2018-12-06T14:59:19","slug":"area-di-crisi-compessa-nel-savonese-i-sindacati-chiedono-incontro-alla-regione","status":"publish","type":"post","link":"https:\/\/staging.ivg.it\/2018\/12\/area-di-crisi-compessa-nel-savonese-i-sindacati-chiedono-incontro-alla-regione\/","title":{"rendered":"Area di crisi compessa nel savonese, i sindacati chiedono incontro alla Regione"},"content":{"rendered":"<p><strong>Savona. <\/strong> Le segreterie provinciali di Cgil, Cisl e Uil di Savona, hanno inviato una richiesta di incontro urgente alla Regione Liguria per sollecitare il confronto sulle questioni aperte dal riconoscimento dell&#8217;area di crisi industriale complessa.<\/p>\n<p>&#8220;Le risorse e gli indirizzi di politica industriale devono essere perseguiti speditamente alla luce di una realt\u00e0 produttiva e occupazionale sempre pi\u00f9 compromessa&#8221; affermano i sindacati.<\/p>\n<p>&#8220;Bombardier, Piaggio Aerospace, Ferrania Solis, Mondomarine sono solo gli esempi pi\u00f9 visibili di una situazione di gravissima crisi ampliata dalla tragedia del crollo del Ponte Morandi che di fatto ha amplificato l&#8217;isolamento del Ponente ligure causando notevoli danni economici in tutti i comparti&#8221;.<\/p>\n<p>&#8220;Per quanto sopra esposto \u00e8 necessario che il confronto con le organizzazioni sindacali confederali sia messo in cantiere al pi\u00f9 presto e proprio per questo motivo \u00e8 stata inoltrata la richiesta di incontro alla Regione Liguria&#8221; concludono.<\/p>\n","protected":false},"excerpt":{"rendered":"<p>Cgil, Cisl e Uil: &#8220;Situazione sempre pi\u00f9 difficile, fare presto&#8221;<\/p>\n","protected":false},"author":4,"featured_media":0,"comment_status":"open","ping_status":"closed","sticky":false,"template":"","format":"standard","meta":{"footnotes":""},"categories":[45296,35],"tags":[89649],"class_list":["post-454207","post","type-post","status-publish","format-standard","hentry","category-copertina","category-economia","tag-area-di-crisi-complessa","post_cat_citta-savona"],"amp_validity":null,"amp_enabled":true,"_links":{"self":[{"href":"https:\/\/staging.ivg.it\/ediapi\/wp\/v2\/posts\/454207","targetHints":{"allow":["GET"]}}],"collection":[{"href":"https:\/\/staging.ivg.it\/ediapi\/wp\/v2\/posts"}],"about":[{"href":"https:\/\/staging.ivg.it\/ediapi\/wp\/v2\/types\/post"}],"author":[{"embeddable":true,"href":"https:\/\/staging.ivg.it\/ediapi\/wp\/v2\/users\/4"}],"replies":[{"embeddable":true,"href":"https:\/\/staging.ivg.it\/ediapi\/wp\/v2\/comments?post=454207"}],"version-history":[{"count":0,"href":"https:\/\/staging.ivg.it\/ediapi\/wp\/v2\/posts\/454207\/revisions"}],"wp:attachment":[{"href":"https:\/\/staging.ivg.it\/ediapi\/wp\/v2\/media?parent=454207"}],"wp:term":[{"taxonomy":"category","embeddable":true,"href":"https:\/\/staging.ivg.it\/ediapi\/wp\/v2\/categories?post=454207"},{"taxonomy":"post_tag","embeddable":true,"href":"https:\/\/staging.ivg.it\/ediapi\/wp\/v2\/tags?post=454207"}],"curies":[{"name":"wp","href":"https:\/\/api.w.org\/{rel}","templated":true}]}}