{"id":453706,"date":"2018-11-30T14:27:18","date_gmt":"2018-11-30T13:27:18","guid":{"rendered":"http:\/\/www.ivg.it\/?p=453706"},"modified":"2018-11-30T15:50:37","modified_gmt":"2018-11-30T14:50:37","slug":"spettacolo-itineranti-musical-a-tema-villaggio-degli-elfi-luna-park-ecco-tutti-gli-eventi-di-alassio-christmas-town","status":"publish","type":"post","link":"https:\/\/staging.ivg.it\/2018\/11\/spettacolo-itineranti-musical-a-tema-villaggio-degli-elfi-luna-park-ecco-tutti-gli-eventi-di-alassio-christmas-town\/","title":{"rendered":"Spettacoli itineranti, musical a tema, villaggio degli elfi, luna park: ecco tutti gli eventi di Alassio Christmas Town"},"content":{"rendered":"<p><strong>Alassio.<\/strong> E&#8217; stato presentato questa mattina Alassio Christmas Town, il <a href=\"http:\/\/www.ivg.it\/wp-content\/uploads\/2018\/11\/Alassio-Christmas-Town.pdf\">calendario<\/a> di eventi che dal 6 dicembre al 6 gennaio trasformeranno la citt\u00e0 del Muretto nella Citt\u00e0 del Natale non un villaggio di Babbo Natale, non una piazzetta decorata a tema, ma un\u2019intera citt\u00e0 pervasa dallo spirito e dai protagonisti del Natale.<\/p>\n<p>Spettacoli itineranti, musical a tema come \u201cFrozen\u201d e \u201cGrinch\u201d, villaggio degli elfi, mercatini, pista di pattinaggio su ghiaccio, luna park, giochi e divertimenti per tutti. Da Sant&#8217;Ambrogio, all\u2019Epifania, passando per la grande festa sul mare di Capodanno, Alassio aspetta tutti per un mese magico e indimenticabile.<\/p>\n<p>&#8220;Una data quella di oggi per la conferenza stampa \u2013 spiegano il sindaco Marco Melgrati e l&#8217;assessore al turismo Angelo Galtieri \u2013 scelta non a caso. Il 30 ottobre scorso Alassio si \u00e8 svegliata per fare i conti con una delle pi\u00f9 devastanti mareggiate che la storia della citt\u00e0 possa ricordare, oggi a un mese esatto di distanza le passeggiate Alassio rinasce con le passeggiate quasi completamente ristrutturate e pronta per la nuova stagione alle porte&#8221;.<\/p>\n<p>Un breve video che \u00e8 in realt\u00e0 una selezione di immagini che mettono a confronto scorci del litorale alassino del 30 ottobre e di oggi ha preceduto infatti la presentazione del calendario vero e proprio.<\/p>\n","protected":false},"excerpt":{"rendered":"<p>Un\u2019intera citt\u00e0 pervasa dallo spirito e dai protagonisti del Natale<\/p>\n","protected":false},"author":12120,"featured_media":0,"comment_status":"open","ping_status":"closed","sticky":false,"template":"","format":"standard","meta":{"footnotes":""},"categories":[56],"tags":[104919,13556],"class_list":["post-453706","post","type-post","status-publish","format-standard","hentry","category-altre","tag-alassio-christmas-town","tag-comune-di-alassio","post_tag_personaggi-angelo-galtieri","post_tag_personaggi-marco-melgrati"],"amp_validity":null,"amp_enabled":true,"_links":{"self":[{"href":"https:\/\/staging.ivg.it\/ediapi\/wp\/v2\/posts\/453706","targetHints":{"allow":["GET"]}}],"collection":[{"href":"https:\/\/staging.ivg.it\/ediapi\/wp\/v2\/posts"}],"about":[{"href":"https:\/\/staging.ivg.it\/ediapi\/wp\/v2\/types\/post"}],"author":[{"embeddable":true,"href":"https:\/\/staging.ivg.it\/ediapi\/wp\/v2\/users\/12120"}],"replies":[{"embeddable":true,"href":"https:\/\/staging.ivg.it\/ediapi\/wp\/v2\/comments?post=453706"}],"version-history":[{"count":0,"href":"https:\/\/staging.ivg.it\/ediapi\/wp\/v2\/posts\/453706\/revisions"}],"wp:attachment":[{"href":"https:\/\/staging.ivg.it\/ediapi\/wp\/v2\/media?parent=453706"}],"wp:term":[{"taxonomy":"category","embeddable":true,"href":"https:\/\/staging.ivg.it\/ediapi\/wp\/v2\/categories?post=453706"},{"taxonomy":"post_tag","embeddable":true,"href":"https:\/\/staging.ivg.it\/ediapi\/wp\/v2\/tags?post=453706"}],"curies":[{"name":"wp","href":"https:\/\/api.w.org\/{rel}","templated":true}]}}