{"id":453705,"date":"2018-11-30T14:19:43","date_gmt":"2018-11-30T13:19:43","guid":{"rendered":"http:\/\/www.ivg.it\/?p=453705"},"modified":"2018-11-30T14:19:43","modified_gmt":"2018-11-30T13:19:43","slug":"regione-melis-m5s-votato-allunanimita-nostro-odg-per-il-raddoppio-ferroviario-e-il-potenziamento-della-savona-torino","status":"publish","type":"post","link":"https:\/\/staging.ivg.it\/2018\/11\/regione-melis-m5s-votato-allunanimita-nostro-odg-per-il-raddoppio-ferroviario-e-il-potenziamento-della-savona-torino\/","title":{"rendered":"Regione, Melis (M5S): &#8220;Votato all&#8217;unanimit\u00e0 nostro odg per il raddoppio ferroviario e il potenziamento della Savona-Torino&#8221;"},"content":{"rendered":"<p><strong>Regione.<\/strong> &#8220;Il crollo del viadotto Morandi ha tolto ossigeno tanto al porto di Savona quanto all&#8217;economia in generale del territorio savonese, con danni ingenti alle piccole e medie imprese. Ai danni diretti, vanno dunque sommati i danni indiretti sulle attivit\u00e0 manifatturiere e sul corrispondente indotto industriale&#8221;.<\/p>\n<p>Cos\u00ec, marted\u00ec in consiglio regionale, il consigliere M5S Andrea Melis che, a margine dell&#8217;intervento dell&#8217;assessore Benveduti, ha aggiunto: &#8220;Prendiamo atto che Regione Liguria ha adottato un modello di censimento dei danni che introduce il concetto di danni indiretti, in tempi celeri come auspicato nel nostro atto&#8221;.<\/p>\n<p>&#8220;Il blocco di percorrenza a valle del viadotto si \u00e8 comprensibilmente tradotto in maggiori costi per gli operatori: l&#8217;inevitabile impatto sul consumatore finale, toglie competitivit\u00e0 alle aziende del savonese. Per questo motivo chiediamo che sia posta in essere ogni iniziativa utile e necessaria da parte della giunta affinch\u00e9 si possa trasferire il maggior numero possibile di merci su rotaia&#8221;, continua Melis.<\/p>\n<p>&#8220;Per queste ragioni riteniamo siano ormai vitali gli interventi come la conclusione del raddoppio ferroviario nella tratta Andora-Finale Ligure e il potenziamento della linea Savona-Torino, soprattutto nella tratta fino a San Giuseppe di Cairo che addirittura ancora insiste su binario unico. Quest&#8217;ultima tratta \u00e8 potenzialmente raddoppiabile e sarebbe una naturale chance in pi\u00f9 per il traffico merci della piattaforma mare, un ulteriore e interessante direttrice da sfruttare, soprattutto in virt\u00f9 dei traffici in divenire della Piattaforma Maersk&#8221;, ha aggiunto.<\/p>\n","protected":false},"excerpt":{"rendered":"<p>&#8220;Il crollo del viadotto Morandi ha tolto ossigeno tanto al porto di Savona quanto all&#8217;economia in generale del territorio savonese, con danni ingenti alle piccole e medie imprese&#8221;<\/p>\n","protected":false},"author":12120,"featured_media":0,"comment_status":"open","ping_status":"closed","sticky":false,"template":"","format":"standard","meta":{"footnotes":""},"categories":[35,31],"tags":[79537,77762,295],"class_list":["post-453705","post","type-post","status-publish","format-standard","hentry","category-economia","category-politica","tag-movimento-5-stelle-liguria","tag-porto-di-savona-vado","tag-regione","post_cat_citta-savona","post_tag_personaggi-andrea-melis"],"amp_validity":null,"amp_enabled":true,"_links":{"self":[{"href":"https:\/\/staging.ivg.it\/ediapi\/wp\/v2\/posts\/453705","targetHints":{"allow":["GET"]}}],"collection":[{"href":"https:\/\/staging.ivg.it\/ediapi\/wp\/v2\/posts"}],"about":[{"href":"https:\/\/staging.ivg.it\/ediapi\/wp\/v2\/types\/post"}],"author":[{"embeddable":true,"href":"https:\/\/staging.ivg.it\/ediapi\/wp\/v2\/users\/12120"}],"replies":[{"embeddable":true,"href":"https:\/\/staging.ivg.it\/ediapi\/wp\/v2\/comments?post=453705"}],"version-history":[{"count":0,"href":"https:\/\/staging.ivg.it\/ediapi\/wp\/v2\/posts\/453705\/revisions"}],"wp:attachment":[{"href":"https:\/\/staging.ivg.it\/ediapi\/wp\/v2\/media?parent=453705"}],"wp:term":[{"taxonomy":"category","embeddable":true,"href":"https:\/\/staging.ivg.it\/ediapi\/wp\/v2\/categories?post=453705"},{"taxonomy":"post_tag","embeddable":true,"href":"https:\/\/staging.ivg.it\/ediapi\/wp\/v2\/tags?post=453705"}],"curies":[{"name":"wp","href":"https:\/\/api.w.org\/{rel}","templated":true}]}}