{"id":452875,"date":"2018-11-20T12:34:30","date_gmt":"2018-11-20T11:34:30","guid":{"rendered":"http:\/\/www.ivg.it\/?p=452875"},"modified":"2018-11-20T12:34:30","modified_gmt":"2018-11-20T11:34:30","slug":"un-aperi-incontro-ad-albenga-per-parlare-del-morbo-di-parkinson","status":"publish","type":"post","link":"https:\/\/staging.ivg.it\/2018\/11\/un-aperi-incontro-ad-albenga-per-parlare-del-morbo-di-parkinson\/","title":{"rendered":"Un &#8220;aperi-incontro&#8221; ad Albenga per parlare del Morbo di Parkinson"},"content":{"rendered":"<p><strong>Albenga.<\/strong> Che cos&#8217;\u00e8 il Parkinson? Chi e come colpisce? Quali sono i fattori di inquinamento ambientale che potrebbero generare la malattia? Che cosa accade quando una persona e i suoi familiari ricevono la notizia di una malattia degenerativa? Con quali aspetti della vita chi ne \u00e8 colpito dovr\u00e0 fare i conti? Quali sono le attivit\u00e0 e gli interventi integrati che i professionisti possono offrire, per aiutare concretamente chi ha il Parkinson a ricreare una vita di qualit\u00e0?<\/p>\n<p>Queste e molte altre sono le domande che troveranno risposta durante &#8220;l&#8217;Aperitivo con chiacchiere evolutive&#8221; che lo studio \u201cMuovi la Salute\u201d ha organizzato insieme alla Grief Counselor Silvia Mecca con l&#8217;aiuto del bar &#8220;La Lavanda&#8221; di Albenga.<\/p>\n<p>Un incontro aperto a tutti\u00a0durante il quale Moreno, laureata in Scienze Motorie, responsabile dello studio Muovi La Salute, Movement Specialist ad indirizzo educativo, rieducativo, posturale e preventivo ed esperta qualificata per il trattamento in team del Morbo di Parkinson, si occuper\u00e0 di fornire risposte a chi vorr\u00e0 intervenire durante l&#8217;incontro e presenter\u00e0 il programma Parkinson Lab che lei stessa ha ideato per i paziente affetti dal Morbo di Parkinson.<\/p>\n<p>Insieme alla dott.ssa Moreno sar\u00e0 presente Silvia Mecca, Grief Counselor, Formatrice, Esperta in tecniche energetiche. Operatrice certificata di EFT, SET, IEP e PET pratictioner. Esperta qualificata in Tecniche di Meditazione e Mindfulness secondo l&#8217;insegnamento del M. Thich Nhat Hanh, Facilitatrice Olistica che mette le sue conoscenze al servizio di questa patologia e di chi ne soffre.<\/p>\n<p>Nella giornata di mercoled\u00ec 21 novembre \u201cMuovi la Salute\u201d aprir\u00e0 le proprie porte dalle 10 alle 17 a tutti coloro che vorranno saperne di pi\u00f9 sul programma dedicato ai malati di Parkinson e alle attrezzature che verranno utilizzate.<\/p>\n<p>L&#8217;iniziativa \u00e8 pensata per la commemorazione della Giornata Nazionale dedicata al Parkinson del 24 novembre 2018\u00a0ed \u00e8 organizzata in questa data anche per permette a ospiti importanti di poter presenziare e offrire un valore aggiunto ai partecipanti: non mancheranno quindi testimonianze e neurologi provenienti da altre regioni.\u00a0L&#8217;aperitivo si terr\u00e0 presso il bar La Lavanda, in via G.M. Oddi ad Albenga, dalle 19. E&#8217; gradita la prenotazione a\u00a0<a href=\"mailto:lalavanda99@gmail.com\">lalavanda99@gmail.com<\/a>\u00a0oppure al 346.2419858.<\/p>\n","protected":false},"excerpt":{"rendered":"<p>All\u2019iniziativa, organizzata dallo studio \u201cMuovi la Salute\u201d, prender\u00e0 parte anche la Grief Counselor Silvia Mecca<\/p>\n","protected":false},"author":18599,"featured_media":0,"comment_status":"open","ping_status":"closed","sticky":false,"template":"","format":"standard","meta":{"footnotes":""},"categories":[56],"tags":[98114],"class_list":["post-452875","post","type-post","status-publish","format-standard","hentry","category-altre","tag-muovi-la-salute","post_cat_citta-albenga"],"amp_validity":null,"amp_enabled":true,"_links":{"self":[{"href":"https:\/\/staging.ivg.it\/ediapi\/wp\/v2\/posts\/452875","targetHints":{"allow":["GET"]}}],"collection":[{"href":"https:\/\/staging.ivg.it\/ediapi\/wp\/v2\/posts"}],"about":[{"href":"https:\/\/staging.ivg.it\/ediapi\/wp\/v2\/types\/post"}],"author":[{"embeddable":true,"href":"https:\/\/staging.ivg.it\/ediapi\/wp\/v2\/users\/18599"}],"replies":[{"embeddable":true,"href":"https:\/\/staging.ivg.it\/ediapi\/wp\/v2\/comments?post=452875"}],"version-history":[{"count":0,"href":"https:\/\/staging.ivg.it\/ediapi\/wp\/v2\/posts\/452875\/revisions"}],"wp:attachment":[{"href":"https:\/\/staging.ivg.it\/ediapi\/wp\/v2\/media?parent=452875"}],"wp:term":[{"taxonomy":"category","embeddable":true,"href":"https:\/\/staging.ivg.it\/ediapi\/wp\/v2\/categories?post=452875"},{"taxonomy":"post_tag","embeddable":true,"href":"https:\/\/staging.ivg.it\/ediapi\/wp\/v2\/tags?post=452875"}],"curies":[{"name":"wp","href":"https:\/\/api.w.org\/{rel}","templated":true}]}}