{"id":452309,"date":"2018-11-13T11:27:19","date_gmt":"2018-11-13T10:27:19","guid":{"rendered":"http:\/\/www.ivg.it\/?p=452309"},"modified":"2018-11-13T12:28:55","modified_gmt":"2018-11-13T11:28:55","slug":"chiabreraa-piazza-marconi-ma-anche-palazzo-della-rovere-dalla-regione-26-milioni-per-la-riqualificazione-urbana-di-savona","status":"publish","type":"post","link":"https:\/\/staging.ivg.it\/2018\/11\/chiabreraa-piazza-marconi-ma-anche-palazzo-della-rovere-dalla-regione-26-milioni-per-la-riqualificazione-urbana-di-savona\/","title":{"rendered":"Chiabrera, piazza Marconi, ma anche palazzo della Rovere: dalla Regione 2,6 milioni per la riqualificazione urbana di Savona"},"content":{"rendered":"<p><strong>Regione<\/strong>. &#8220;La Regione Liguria ha stanziato contributi per 2.640.000 euro a favore del Comune di Savona per la realizzazione di interventi di riqualificazione urbana&#8221;. A dirlo \u00e8 il consigliere regionale di Forza Italia Angelo Vaccarezza.<\/p>\n<p>Gli interventi che saranno finanziati grazie al contributo riguardano: la sistemazione e innovazione tecnologica dell&#8217;aerea mercatale del centro; il programma integrato per la valorizzazione del Teatro Chiabrera e la riqualificazione ambientale di piazza Diaz; la riqualificazione di piazza Marconi con valorizzazione della Fontana del Pesce; l&#8217;efficientamento tecnologico e valorizzazione culturale della Sala Rossa del Palazzo Comunale; la valorizzazione turistica della Torre del Brandale; la riqualificazione ambientale e inclusiva del sistema delle aree verdi attrezzate comunali; la valorizzazione del Palazzo della Rovere.<\/p>\n<p>&#8220;Tutti gli interventi avranno inizio gi\u00e0 nel 2018, ad eccezione della valorizzazione del Palazzo della Rovere che, data la complessit\u00e0 dell&#8217;operazione stessa, partir\u00e0 nell&#8217;anno 2019. Il piano economico finanziario degli interventi ammonta a complessivi 6.250.000 euro: 1.250.000 euro a carico del Comune di Savona e 5.000.000 euro per cui \u00e8 richiesto l&#8217;intervento del Fondo Strategico Regionale, dei quali 2.640.000 euro stanziati appunto pochi giorni fa&#8221; spiega Vaccarezza.<\/p>\n<p>Il finanziamento regionale sar\u00e0 erogato a stato di avanzamento dei lavori, a fronte di formale richiesta da parte del Comune di Savona in coerenza con il crono programma di spesa allegato al progetto, corredata dalla documentazione comprovante l&#8217;effettiva esecuzione di ogni singolo intervento.<\/p>\n<p>Il saldo del contributo sar\u00e0 invece erogato in seguito sempre a formale richiesta da parte del Comune, corredata dal quadro economico a consuntivo, dello stato finale dei lavori e del collaudo tecnico amministrativo e certificato di regolare esecuzione debitamente approvati, previo riscontro dei titoli di spesa, degli atti comunali di impegno e liquidazione, dei mandati di pagamento quietanzati.<\/p>\n<p>&#8220;Grazie a questo importante contributo, potranno essere realizzati importanti interventi che cambieranno il volto della citt\u00e0 di Savona&#8221; conclude Vaccarezza.<\/p>\n","protected":false},"excerpt":{"rendered":"<p>Tutti gli interventi avranno inizio gi\u00e0 nel 2018 ad eccezione della valorizzazione del Palazzo della Rovere che, per la complessit\u00e0, partir\u00e0 nel 2019<\/p>\n","protected":false},"author":2394,"featured_media":0,"comment_status":"open","ping_status":"closed","sticky":false,"template":"","format":"standard","meta":{"footnotes":""},"categories":[56,31],"tags":[90342,16066],"class_list":["post-452309","post","type-post","status-publish","format-standard","hentry","category-altre","category-politica","tag-fondo-strategico-regionale","tag-riqualificazione-urbana","post_cat_citta-savona","post_tag_personaggi-angelo-vaccarezza"],"amp_validity":null,"amp_enabled":true,"_links":{"self":[{"href":"https:\/\/staging.ivg.it\/ediapi\/wp\/v2\/posts\/452309","targetHints":{"allow":["GET"]}}],"collection":[{"href":"https:\/\/staging.ivg.it\/ediapi\/wp\/v2\/posts"}],"about":[{"href":"https:\/\/staging.ivg.it\/ediapi\/wp\/v2\/types\/post"}],"author":[{"embeddable":true,"href":"https:\/\/staging.ivg.it\/ediapi\/wp\/v2\/users\/2394"}],"replies":[{"embeddable":true,"href":"https:\/\/staging.ivg.it\/ediapi\/wp\/v2\/comments?post=452309"}],"version-history":[{"count":0,"href":"https:\/\/staging.ivg.it\/ediapi\/wp\/v2\/posts\/452309\/revisions"}],"wp:attachment":[{"href":"https:\/\/staging.ivg.it\/ediapi\/wp\/v2\/media?parent=452309"}],"wp:term":[{"taxonomy":"category","embeddable":true,"href":"https:\/\/staging.ivg.it\/ediapi\/wp\/v2\/categories?post=452309"},{"taxonomy":"post_tag","embeddable":true,"href":"https:\/\/staging.ivg.it\/ediapi\/wp\/v2\/tags?post=452309"}],"curies":[{"name":"wp","href":"https:\/\/api.w.org\/{rel}","templated":true}]}}