{"id":452109,"date":"2018-11-10T11:33:35","date_gmt":"2018-11-10T10:33:35","guid":{"rendered":"http:\/\/www.ivg.it\/?p=452109"},"modified":"2018-11-10T11:33:35","modified_gmt":"2018-11-10T10:33:35","slug":"savona-imbrattato-il-nuovo-gazebo-dei-giardini-san-michele-alle-fornaci","status":"publish","type":"post","link":"https:\/\/staging.ivg.it\/2018\/11\/savona-imbrattato-il-nuovo-gazebo-dei-giardini-san-michele-alle-fornaci\/","title":{"rendered":"Savona, imbrattato il nuovo gazebo dei giardini San Michele alle Fornaci"},"content":{"rendered":"<p><strong>Savona.<\/strong> E&#8217; finito nel mirino dei vandali il nuovo gazebo dei giardini di San Michele alle Fornaci a Savona. Nelle scorse ore alcuni ignoti hanno deciso di mettere la loro \u201cfirma\u201d sulla struttura in legno, deturpando cos\u00ec un&#8217;area messa a disposizione della comunit\u00e0 da parte dell&#8217;amministrazione del sindaco Ilaria Caprioglio.<\/p>\n<p>Sindaco che cos\u00ec ha commentato l&#8217;episodio: \u201cColoro che imbrattano muri, scaricano abusivamente ingombranti, non rispettano la raccolta defferenziata, affiggono senza permesso locandine, gettano mozziconi di sigaretta per terra, non raccolgono le deiezioni canine, parcheggiano in doppia fila o negli spazi riservati ai disabili sono persone che non hanno rispetto per i luoghi pubblici che appartengono a tutti noi e, soprattutto, non hanno rispetto per i molti cittadini virtuosi\u201d.<\/p>\n<p>\u201cFra pochi mesi l&#8217;amministrazione installer\u00e0 nuove telecamere ma non potr\u00e0 installare nell&#8217;animo delle persone il senso civico \u2013 ha aggiunto \u2013 Gli atti vandalici costano ogni anno decine di migliaia di euro alla collettivit\u00e0. Ognuno di noi prima di lamentarsi e deprecare certi gesti si chieda se, nella quotidianit\u00e0, si comporta correttamente come cittadino e tutti insieme cerchiamo di contribuire alla res publica affinch\u00e9 non sia una res nullius\u201d.<\/p>\n","protected":false},"excerpt":{"rendered":"<p>Il sindaco: &#8220;Fra pochi mesi l&#8217;amministrazione installer\u00e0 nuove telecamere ma non potr\u00e0 installare nell&#8217;animo delle persone il senso civico&#8221;<\/p>\n","protected":false},"author":12120,"featured_media":0,"comment_status":"open","ping_status":"closed","sticky":false,"template":"","format":"standard","meta":{"footnotes":""},"categories":[34],"tags":[24469,11309,97055],"class_list":["post-452109","post","type-post","status-publish","format-standard","hentry","category-cronaca","tag-atto-vandalico","tag-comune-di-savona","tag-savona-fornaci"],"amp_validity":null,"amp_enabled":true,"_links":{"self":[{"href":"https:\/\/staging.ivg.it\/ediapi\/wp\/v2\/posts\/452109","targetHints":{"allow":["GET"]}}],"collection":[{"href":"https:\/\/staging.ivg.it\/ediapi\/wp\/v2\/posts"}],"about":[{"href":"https:\/\/staging.ivg.it\/ediapi\/wp\/v2\/types\/post"}],"author":[{"embeddable":true,"href":"https:\/\/staging.ivg.it\/ediapi\/wp\/v2\/users\/12120"}],"replies":[{"embeddable":true,"href":"https:\/\/staging.ivg.it\/ediapi\/wp\/v2\/comments?post=452109"}],"version-history":[{"count":0,"href":"https:\/\/staging.ivg.it\/ediapi\/wp\/v2\/posts\/452109\/revisions"}],"wp:attachment":[{"href":"https:\/\/staging.ivg.it\/ediapi\/wp\/v2\/media?parent=452109"}],"wp:term":[{"taxonomy":"category","embeddable":true,"href":"https:\/\/staging.ivg.it\/ediapi\/wp\/v2\/categories?post=452109"},{"taxonomy":"post_tag","embeddable":true,"href":"https:\/\/staging.ivg.it\/ediapi\/wp\/v2\/tags?post=452109"}],"curies":[{"name":"wp","href":"https:\/\/api.w.org\/{rel}","templated":true}]}}