{"id":451997,"date":"2018-11-09T08:55:15","date_gmt":"2018-11-09T07:55:15","guid":{"rendered":"http:\/\/www.ivg.it\/?p=451997"},"modified":"2018-11-09T08:55:15","modified_gmt":"2018-11-09T07:55:15","slug":"una-pasta-al-pesto-per-aiutare-genova","status":"publish","type":"post","link":"https:\/\/staging.ivg.it\/2018\/11\/una-pasta-al-pesto-per-aiutare-genova\/","title":{"rendered":"Una pasta al pesto per aiutare Genova"},"content":{"rendered":"<p><em>\u201cLiguria del gusto e quant&#8217;altro\u201d \u00e8 il titolo di questa rubrica curata da noi, Elisa (alla scrittura) e Stefano (alle ricerche), per raccontare i gusti, i sapori, le ricette e i protagonisti della storia enogastronomica della Liguria. Una rubrica come ce ne sono tante, si potr\u00e0 obiettare. Vero, ma diversa perch\u00e9 cercheremo di proporre non solo personaggi, locali e ricette di moda ma anche le particolarit\u00e0, le curiosit\u00e0, quello che, insomma, nutre non solo il corpo ma anche la mente con frammenti di passato, di cultura materiale, di sapori che si tramandano da generazioni. Pillole di gusto per palati ligustici.<\/em> <div class=\"single-img-content-container fullwidth-single shortcode standard\">\n    <div class=\"image_container\" style=\"text-align: center;\">\n        <picture class=\" lazyload\"><img loading=\"lazy\" class=\"lazy\" data-srcset=\"https:\/\/www.ivg.it\/photogallery_new\/images\/2017\/01\/elisa-stefano-pezzini-380727.jpg 1024w, https:\/\/www.ivg.it\/photogallery_new\/images\/2017\/01\/elisa-stefano-pezzini-380727.jpg 970w, https:\/\/www.ivg.it\/photogallery_new\/images\/2017\/01\/elisa-stefano-pezzini-380727.jpg 660w, https:\/\/www.ivg.it\/photogallery_new\/images\/2017\/01\/elisa-stefano-pezzini-380727.jpg 316w, https:\/\/www.ivg.it\/photogallery_new\/images\/2017\/01\/elisa-stefano-pezzini-380727.jpg 150w\"  data-src=\"https:\/\/www.ivg.it\/photogallery_new\/images\/2017\/01\/elisa-stefano-pezzini-380727.jpg\" alt=\"elisa stefano pezzini\" \/><\/picture>\r\n\n    <\/div>\n    <\/div>\n<\/p>\n<p>Anche l&#8217;Associazione Ristoranti della Tavolozza sostiene la campagna &#8220;Pasta Pesto Day&#8221; promossa dalla Regione Liguria e che si pone il duplice obiettivo di rilanciare un&#8217;immagine positiva e accogliente del territorio ligure e raccogliere fondi a favore del conto corrente del Comune di Genova destinato all&#8217;emergenza del 14 agosto con la caduta del viadotto sul Polcevera. Tutti i ristoranti aderenti all&#8217;Associazione Ristoranti della Tavolozza sono impegnati a sostenere questa importante iniziativa di solidariet\u00e0 nella consapevolezza che pi\u00f9 ristoranti aderiranno e maggiore sar\u00e0 l&#8217;aiuto concreto per rilanciare Genova.<\/p>\n<p>L&#8217;abbinamento territorio-cibo \u00e8 un binomio di grande forza per la promozione turistica ed in questo caso il &#8220;Pasta Pesto Day&#8221;, che si svolger\u00e0 in concomitanza della Settimana della Cucina Italiana nel Mondo dal 19 al 25 novembre, permetter\u00e0 di collegare un piatto di pasta al pesto, vera icona dell&#8217;enogastronomia ligure a livello internazionale, con un gesto concreto di solidariet\u00e0. Per ogni piatto consumato nei ristoranti che avranno dato l&#8217;adesione verranno devoluti 2 euro a Genova, 1 euro da parte del ristoratore e 1 euro da parte del cliente.<\/p>\n<p>L&#8217;iniziativa \u00e8 rivolta a tutti i ristoratori in Italia e ristoratori italiani in tutti i Paesi del mondo che potranno aderire iscrivendosi al sito www.pastapestoday.it.<\/p>\n<p><em>Liguria del Gusto \u00e8 la rubrica gastronomica di IVG, con uscite al luned\u00ec e al venerd\u00ec: <a href=\"http:\/\/www.ivg.it\/tag\/liguria-del-gusto\/\" target=\"_blank\" rel=\"noopener\">clicca qui per leggere tutti gli articoli<\/a><\/em><\/p>\n","protected":false},"excerpt":{"rendered":"<p>&#8220;Liguria del gusto e quant&#8217;altro&#8221; \u00e8 la rubrica gastronomica di IVG, ogni luned\u00ec e venerd\u00ec<\/p>\n","protected":false},"author":18168,"featured_media":0,"comment_status":"open","ping_status":"closed","sticky":false,"template":"","format":"standard","meta":{"footnotes":""},"categories":[56],"tags":[91746],"class_list":["post-451997","post","type-post","status-publish","format-standard","hentry","category-altre","tag-liguria-del-gusto"],"amp_validity":null,"amp_enabled":true,"_links":{"self":[{"href":"https:\/\/staging.ivg.it\/ediapi\/wp\/v2\/posts\/451997","targetHints":{"allow":["GET"]}}],"collection":[{"href":"https:\/\/staging.ivg.it\/ediapi\/wp\/v2\/posts"}],"about":[{"href":"https:\/\/staging.ivg.it\/ediapi\/wp\/v2\/types\/post"}],"author":[{"embeddable":true,"href":"https:\/\/staging.ivg.it\/ediapi\/wp\/v2\/users\/18168"}],"replies":[{"embeddable":true,"href":"https:\/\/staging.ivg.it\/ediapi\/wp\/v2\/comments?post=451997"}],"version-history":[{"count":0,"href":"https:\/\/staging.ivg.it\/ediapi\/wp\/v2\/posts\/451997\/revisions"}],"wp:attachment":[{"href":"https:\/\/staging.ivg.it\/ediapi\/wp\/v2\/media?parent=451997"}],"wp:term":[{"taxonomy":"category","embeddable":true,"href":"https:\/\/staging.ivg.it\/ediapi\/wp\/v2\/categories?post=451997"},{"taxonomy":"post_tag","embeddable":true,"href":"https:\/\/staging.ivg.it\/ediapi\/wp\/v2\/tags?post=451997"}],"curies":[{"name":"wp","href":"https:\/\/api.w.org\/{rel}","templated":true}]}}