{"id":45146,"date":"2008-12-26T08:12:07","date_gmt":"2008-12-26T07:12:07","guid":{"rendered":"http:\/\/www.ivg.it\/2008\/12\/26\/natale-sotto-la-neve-in-valbormida\/"},"modified":"2008-12-26T14:15:16","modified_gmt":"2008-12-26T13:15:16","slug":"natale-sotto-la-neve-in-valbormida","status":"publish","type":"post","link":"https:\/\/staging.ivg.it\/2008\/12\/natale-sotto-la-neve-in-valbormida\/","title":{"rendered":"Natale sotto la neve in Valbormida"},"content":{"rendered":"<p><strong>[thumb:10046:l]Valbormida<\/strong>. Dopo qualche giorno di tregua, con temperature sopra la media, la neve \u00e8 tornata in Valbormida. Nel giorno di Natale la perturbazione di origine artica proveniente dall&#8217;Europa dell&#8217;Est ha gi\u00e0 fatto vedere i suoi effetti, imbiancando strade e tetti. A Cairo Montenotte (nella foto, la giornata di ieri) lo spessore del manto sta accumulando centimetri. Subito scattato il piano anti neve; ora il rischio \u00e8 rappresentato dal ghiaccio, visto il drastico abbassamento delle temperature.<\/p>\n<p>&#8220;Le nevicate pi\u00f9 intense degli ultimi anni, ai livelli del 1978&#8221;, cos\u00ec i valbormidesi definiscono i recenti fenomeni meteorologici. Il sindaco cairese Fulvio Briano ha deciso &#8220;d&#8217;imperio&#8221; di proseguire con lo sgombero dai parcheggi e dalle piazze al di l\u00e0 di quanto previsto negli appalti. Malgrado le difficolt\u00e0 di bilancio, il primo cittadino \u00e8 risoluto: &#8220;Nel 2009 dovremo rinunciare ad altri servizi in altri settori ma, di fronte alle richieste cos\u00ec pressanti dei cittadini, ho deciso di fare cos\u00ec&#8221;.<\/p>\n<p>[image:10046:c:s=1]<\/p>\n","protected":false},"excerpt":{"rendered":"<p>[thumb:10046:l]Valbormida. Dopo qualche giorno di tregua, con temperature sopra la media, la neve \u00e8 tornata in Valbormida. Nel giorno di Natale la perturbazione di origine artica proveniente dall&#8217;Europa dell&#8217;Est ha gi\u00e0 fatto vedere i suoi effetti, imbiancando strade e tetti. A Cairo Montenotte (nella foto, la giornata di ieri) lo spessore del manto sta accumulando [&hellip;]<\/p>\n","protected":false},"author":5,"featured_media":0,"comment_status":"open","ping_status":"closed","sticky":false,"template":"","format":"standard","meta":{"footnotes":""},"categories":[34],"tags":[651,598,820],"class_list":["post-45146","post","type-post","status-publish","format-standard","hentry","category-cronaca","tag-maltempo","tag-neve","tag-valbormida","post_cat_citta-altare","post_cat_citta-andora","post_cat_citta-cairo-montenotte","post_cat_citta-carcare","post_cat_citta-cengio"],"amp_validity":null,"amp_enabled":true,"_links":{"self":[{"href":"https:\/\/staging.ivg.it\/ediapi\/wp\/v2\/posts\/45146","targetHints":{"allow":["GET"]}}],"collection":[{"href":"https:\/\/staging.ivg.it\/ediapi\/wp\/v2\/posts"}],"about":[{"href":"https:\/\/staging.ivg.it\/ediapi\/wp\/v2\/types\/post"}],"author":[{"embeddable":true,"href":"https:\/\/staging.ivg.it\/ediapi\/wp\/v2\/users\/5"}],"replies":[{"embeddable":true,"href":"https:\/\/staging.ivg.it\/ediapi\/wp\/v2\/comments?post=45146"}],"version-history":[{"count":0,"href":"https:\/\/staging.ivg.it\/ediapi\/wp\/v2\/posts\/45146\/revisions"}],"wp:attachment":[{"href":"https:\/\/staging.ivg.it\/ediapi\/wp\/v2\/media?parent=45146"}],"wp:term":[{"taxonomy":"category","embeddable":true,"href":"https:\/\/staging.ivg.it\/ediapi\/wp\/v2\/categories?post=45146"},{"taxonomy":"post_tag","embeddable":true,"href":"https:\/\/staging.ivg.it\/ediapi\/wp\/v2\/tags?post=45146"}],"curies":[{"name":"wp","href":"https:\/\/api.w.org\/{rel}","templated":true}]}}