{"id":451334,"date":"2018-10-30T18:33:35","date_gmt":"2018-10-30T17:33:35","guid":{"rendered":"http:\/\/www.ivg.it\/?p=451334"},"modified":"2018-10-30T18:33:35","modified_gmt":"2018-10-30T17:33:35","slug":"maltempo-il-presidente-del-consiglio-regionale-piana-in-visita-a-laigueglia-e-alassio","status":"publish","type":"post","link":"https:\/\/staging.ivg.it\/2018\/10\/maltempo-il-presidente-del-consiglio-regionale-piana-in-visita-a-laigueglia-e-alassio\/","title":{"rendered":"Maltempo, il presidente del consiglio regionale Piana in visita a Laigueglia e Alassio"},"content":{"rendered":"<p><strong>Laigueglia\/Alassio<\/strong>. Oggi pomeriggio il presidente del consiglio regionale Alessandro Piana ha compiuto un sopralluogo in alcune delle zone colpite dalla violenta mareggiata per constatare i danni provocati dal maltempo.<\/p>\n<p>Piana ha visitato, in particolare, il porto di Imperia-Oneglia e il litorale di Diano Marina, Laigueglia e Alassio. Ultima tappa sar\u00e0 Finale Ligure.<\/p>\n<p>Il presidente, insieme al consigliere regionale Paolo Ardenti e al vicepresidente della giunta regionale Sonia Viale, ha incontrato i sindaci di Diano Marina Giacomo Chiappori, di Alassio Marco Melgrati e di Laigueglia Roberto Sasso del Verme.<\/p>\n<p>\u201cOggi ho potuto verificare personalmente le enormi dimensioni di questa nuova, immane tragedia. Dopo il crollo del Ponte Morandi la Liguria \u00e8 stata di nuovo, profondamente ferita. I danni sono incalcolabili e sono estesi da levante a ponente senza soluzione di continuit\u00e0. Le istituzioni &#8211; dichiara il presidente &#8211; saranno vicine alla popolazione e alle imprese colpite e si impegneranno per agevolare gli interventi di ricostruzione, per facilitare la ripresa di quelle attivit\u00e0 oggi fortemente compromesse e per dare conforto ai cittadini\u201d.<\/p>\n<div class=\"single-img-content-container fullwidth-single shortcode standard\">\n    <div class=\"image_container\" style=\"text-align: center;\">\n        <picture class=\" lazyload\"><img loading=\"lazy\" class=\"lazy\" data-srcset=\"https:\/\/www.ivg.it\/photogallery_new\/images\/2018\/10\/torrente-sturla-vegetazione-e-vipera-502473.jpg 1024w, https:\/\/www.ivg.it\/photogallery_new\/images\/2018\/10\/torrente-sturla-vegetazione-e-vipera-502473.jpg 970w, https:\/\/www.ivg.it\/photogallery_new\/images\/2018\/10\/torrente-sturla-vegetazione-e-vipera-502473.jpg 660w, https:\/\/www.ivg.it\/photogallery_new\/images\/2018\/10\/torrente-sturla-vegetazione-e-vipera-502473.jpg 316w, https:\/\/www.ivg.it\/photogallery_new\/images\/2018\/10\/torrente-sturla-vegetazione-e-vipera-502473.jpg 150w\"  data-src=\"https:\/\/www.ivg.it\/photogallery_new\/images\/2018\/10\/torrente-sturla-vegetazione-e-vipera-502473.jpg\" alt=\"Allerta Meteo Visita Piana Laigueglia Alassio\" \/><\/picture>\r\n\n    <\/div>\n    <\/div>\n\n<p>Il presidente sottolinea \u201cl\u2019efficienza del sistema regionale di allerta e la tempestivit\u00e0 con cui sono state diramate le informazioni sulla perturbazione. Va riconosciuto il comportamento corretto e responsabile della popolazione, che si \u00e8 attenuta alle direttive previste in questi casi, riducendo cos\u00ec i rischi per la propria incolumit\u00e0\u201d.<\/p>\n","protected":false},"excerpt":{"rendered":"<p>Insieme al consigliere Paolo Ardenti e al vicepresidente della giunta regionale Sonia Viale<\/p>\n","protected":false},"author":12120,"featured_media":0,"comment_status":"open","ping_status":"closed","sticky":false,"template":"","format":"standard","meta":{"footnotes":""},"categories":[31],"tags":[104339,295],"class_list":["post-451334","post","type-post","status-publish","format-standard","hentry","category-politica","tag-allerta-meteo-29-ottobre","tag-regione","post_cat_citta-alassio","post_cat_citta-laigueglia","post_tag_personaggi-alessandro-piana","post_tag_personaggi-marco-melgrati","post_tag_personaggi-paolo-ardenti","post_tag_personaggi-robero-sasso-del-verme","post_tag_personaggi-sonia-viale"],"amp_validity":null,"amp_enabled":true,"_links":{"self":[{"href":"https:\/\/staging.ivg.it\/ediapi\/wp\/v2\/posts\/451334","targetHints":{"allow":["GET"]}}],"collection":[{"href":"https:\/\/staging.ivg.it\/ediapi\/wp\/v2\/posts"}],"about":[{"href":"https:\/\/staging.ivg.it\/ediapi\/wp\/v2\/types\/post"}],"author":[{"embeddable":true,"href":"https:\/\/staging.ivg.it\/ediapi\/wp\/v2\/users\/12120"}],"replies":[{"embeddable":true,"href":"https:\/\/staging.ivg.it\/ediapi\/wp\/v2\/comments?post=451334"}],"version-history":[{"count":0,"href":"https:\/\/staging.ivg.it\/ediapi\/wp\/v2\/posts\/451334\/revisions"}],"wp:attachment":[{"href":"https:\/\/staging.ivg.it\/ediapi\/wp\/v2\/media?parent=451334"}],"wp:term":[{"taxonomy":"category","embeddable":true,"href":"https:\/\/staging.ivg.it\/ediapi\/wp\/v2\/categories?post=451334"},{"taxonomy":"post_tag","embeddable":true,"href":"https:\/\/staging.ivg.it\/ediapi\/wp\/v2\/tags?post=451334"}],"curies":[{"name":"wp","href":"https:\/\/api.w.org\/{rel}","templated":true}]}}