{"id":450374,"date":"2018-10-18T13:51:02","date_gmt":"2018-10-18T11:51:02","guid":{"rendered":"http:\/\/www.ivg.it\/?p=450374"},"modified":"2018-10-18T14:05:20","modified_gmt":"2018-10-18T12:05:20","slug":"albenga-alloggio-arte-di-vadino-assegnato-ad-una-famiglia-straniera-vespo-trattamento-uguale-per-tutti","status":"publish","type":"post","link":"https:\/\/staging.ivg.it\/2018\/10\/albenga-alloggio-arte-di-vadino-assegnato-ad-una-famiglia-straniera-vespo-trattamento-uguale-per-tutti\/","title":{"rendered":"Albenga, alloggio Arte assegnato ad una famiglia straniera. Vespo: \u201cTrattamento uguale per tutti\u201d"},"content":{"rendered":"<p><strong>Albenga.<\/strong> Dopo mesi di discussioni, condite da polemiche accese tra maggioranza e minoranza, e in particolare tra l\u2019assessore ai Servizi sociali Simona Vespo e il consigliere di minoranza Forza Italia Eraldo Ciangherotti, \u00e8 arrivata una svolta nel caso dell\u2019assegnazione dell\u2019alloggio di propriet\u00e0 di Arte.<\/p>\n<p>L\u2019appartamento, sito in via Viveri, a Vadino, \u00e8 stato infatti ufficialmente assegnato questa mattina, con la firma delle carte tra i nuovi inquilini, di nazionalit\u00e0 marocchina, e la stessa Arte. Il nucleo familiare sin emergenza abitativa, composta da padre, madre e figlio minore, potr\u00e0 beneficiare dell\u2019alloggio in via temporanea, per la durata di sei mesi.<\/p>\n<p>\u201cAbbiamo cercato varie soluzioni alternative, ma non \u00e8 stato possibile intraprendere altre strade, &#8211; ha spiegato Vespo. &#8211; Abbiamo agito come da prassi, cos\u00ec come le amministrazioni precedenti, in base alla legge regionale 10 art.9: si tratta di una procedura \u2018standard\u2019 uguale per tutti, italiani o stranieri\u201d.<\/p>\n<p>\u201cLa scelta, dunque, non \u00e8 frutto della volont\u00e0 della nostra amministrazione n\u00e9 tantomeno della mia: sul suo patrimonio, ovviamente, decide Arte. Sono numerose le famiglie in difficolt\u00e0 seguite dai servizi sociali e la famiglia marocchina in questione \u00e8 tra queste\u201d.<\/p>\n<p>\u201cTrattandosi di un nucleo familiare in emergenza abitativa, composta da padre, madre e figlio minore, dopo averci riflettuto, abbiamo optato per questa soluzione che mira alla tutela del minore e al mantenimento dell\u2019unione familiare. Stupisce che la minoranza, che ha sempre fatto polemica su questa materia, non abbia criticato un&#8217;assegnazione analoga, avvenuta nei mesi scorsi, ad una famiglia italiana: ad Albenga non esistono cittadini di serie A e di serie B\u201d, ha concluso l\u2019assessore.<\/p>\n","protected":false},"excerpt":{"rendered":"<p>A godere dell\u2019assegnazione temporanea (6 mesi), un nucleo familiare composto da padre, madre e figlio minore<\/p>\n","protected":false},"author":18599,"featured_media":0,"comment_status":"open","ping_status":"closed","sticky":false,"template":"","format":"standard","meta":{"footnotes":""},"categories":[56],"tags":[390,1634,70233,86015],"class_list":["post-450374","post","type-post","status-publish","format-standard","hentry","category-altre","tag-arte","tag-emergenza-abitativa","tag-servizi-sociali-comune-albenga","tag-vadino","post_cat_citta-albenga","post_tag_personaggi-simona-vespo"],"amp_validity":null,"amp_enabled":true,"_links":{"self":[{"href":"https:\/\/staging.ivg.it\/ediapi\/wp\/v2\/posts\/450374","targetHints":{"allow":["GET"]}}],"collection":[{"href":"https:\/\/staging.ivg.it\/ediapi\/wp\/v2\/posts"}],"about":[{"href":"https:\/\/staging.ivg.it\/ediapi\/wp\/v2\/types\/post"}],"author":[{"embeddable":true,"href":"https:\/\/staging.ivg.it\/ediapi\/wp\/v2\/users\/18599"}],"replies":[{"embeddable":true,"href":"https:\/\/staging.ivg.it\/ediapi\/wp\/v2\/comments?post=450374"}],"version-history":[{"count":0,"href":"https:\/\/staging.ivg.it\/ediapi\/wp\/v2\/posts\/450374\/revisions"}],"wp:attachment":[{"href":"https:\/\/staging.ivg.it\/ediapi\/wp\/v2\/media?parent=450374"}],"wp:term":[{"taxonomy":"category","embeddable":true,"href":"https:\/\/staging.ivg.it\/ediapi\/wp\/v2\/categories?post=450374"},{"taxonomy":"post_tag","embeddable":true,"href":"https:\/\/staging.ivg.it\/ediapi\/wp\/v2\/tags?post=450374"}],"curies":[{"name":"wp","href":"https:\/\/api.w.org\/{rel}","templated":true}]}}