{"id":450228,"date":"2018-10-16T19:54:28","date_gmt":"2018-10-16T17:54:28","guid":{"rendered":"http:\/\/www.ivg.it\/?p=450228"},"modified":"2018-10-16T19:54:28","modified_gmt":"2018-10-16T17:54:28","slug":"il-nuovo-centravanti-dei-minerari-del-gavorrano","status":"publish","type":"post","link":"https:\/\/staging.ivg.it\/2018\/10\/il-nuovo-centravanti-dei-minerari-del-gavorrano\/","title":{"rendered":"Il nuovo centravanti dei &#8220;minerari&#8221; del Gavorrano"},"content":{"rendered":"<p>Alberto Gomes de Pina, conosciuto semplicemente come Aladje, \u00e8 stato il\u00a0grande colpo di mercato per il Gavorrano (serie D girone E) che ha ufficializzato in estate l&#8217;arrivo dell&#8217;attaccante in vista della stagione 2018\/19.<\/p>\n<p>Il coloured nativo della\u00a0 Guinea-Bissau\u00a0 classe 1993 \u00e8 proveniente dal Savona. Con gli &#8220;Striscioni&#8221; nella scorsa stagione ha realizzato un bottino di 11 gol in 28 presenze. Giunto in Italia con la maglia del Sassuolo, ha militato tra Serie B e Serie C con Pro Vercelli, Vicenza, Prato, Ischia Isolaverde, Delta Porto Tolle e con la nazionale portoghese ha messo a segno tre gol nel mondiale under 20 in Turchia. In Serie D lo si ricorda con la maglia del Ponsacco, societ\u00e0 con cui due anni or sono fece\u00a0 15 realizzazioni in 27 presenze.<\/p>\n<p>Arrivato alla corte di mister Battistini il tanto atteso bomber ha affiancato il confermatissimo Pippo Moscati e il promettente baby Carlotti nel tridente rossobl\u00f9.\u00a0In quest&#8217;ultima domenica trionfale concisa con il 3-0 del Gavorrano a spese del Sangimignanosport, nella sesta giornata di campionato nonch\u00e9 prima con mister Rigucci in panchina, Gomes ha lasciato la sua prima impronta sia come goleador che come uomo assist al termine di una prestazione limpida e attenta, in cui tutto ha funzionato nel migliore dei modi.<\/p>\n<p>Per il Gavorrano la stagione 2016-2017 \u00e8 stata l&#8217;anno giusto per centrare l&#8217;obiettivo della terza serie che puntualmente \u00e8 arrivato:la squadra insediatasi in testa alla classifica gi\u00e0 a campionato iniziato (tallonata a distanza da Massese e Savona) ha ottenuto la promozione in Serie C (ridenominazione dell&#8217;ex Lega Pro), dopo soli tre anni di militanza fra i dilettanti, il 30 aprile 2017 con la vittoria in casa contro la Lavagnese per 2-1. La scorsa stagione si \u00e8 svolta senza particolari prestazioni che hanno portano il Gavorrano a disputare il play-out da 17\u00b0 contro il Cuneo. Persa la gara di andata per 1-0, al ritorno in casa la squadra ha pareggia 0-0, venendo cos\u00ec retrocessa in Serie D dopo solo una stagione tra i professionisti.<\/p>\n<p>Per questa stagione 2018\/2019 \u00e8 stato siglato un accordo di collaborazione con la societ\u00e0 del Real Follonica finalizzato alla creazione di una nuova societ\u00e0 sportiva che rappresenti la citt\u00e0 di Follonica e Gavorrano.\u00a0&#8220;Lui \u00e8 l&#8217;uomo giusto&#8221; \u00e8 sembrato abbia detto il patron Luigi Mansi a riguardo dell&#8217;arrivo del nuovo tecnico Atos Rigucci. Bisognava da una parte lavorare sulla testa dei giocatori, ma soprattutto ci voleva un mister ed un uomo che entrasse a &#8220;gamba tesa&#8221; nello spogliatoio per riportare ordine e disciplina.<\/p>\n<p>Proprio queste due parole sono state da sempre un diktat della famiglia Mansi da quando hanno preso in mano il Gavorrano e che forse, anzi togliendo anche il forse, non c&#8217;erano in questa prima parte di stagione con un Battistini che nonostante la sua esperienza si era fatto prendere la mano dai vari gruppi. Rigucci si \u00e8 presentato in maniera forte, netta ed inequivocabile, naturalmente con tutto l&#8217;appoggio possibile della societ\u00e0 e i primi risultati cominciano a vedersi fin da subito.<\/p>\n<p>Adesso domenica subito prova del nove per verificare se la cura Rigucci continua a dare i suoi frutti e soprattutto se Gomes continuer\u00e0 a ripetersi sui suoi eccezionali livelli.<\/p>\n","protected":false},"excerpt":{"rendered":"<p>Lo speciale Settore Giovanile del ct Vaniglia<\/p>\n","protected":false},"author":18,"featured_media":0,"comment_status":"open","ping_status":"closed","sticky":false,"template":"","format":"standard","meta":{"footnotes":""},"categories":[182,32],"tags":[85989,5327,58119],"class_list":["post-450228","post","type-post","status-publish","format-standard","hentry","category-calcio","category-sport","tag-calcio","tag-calcio-giovanile","tag-speciale-settore-giovanile","post_tag_personaggi-felicino-vaniglia"],"amp_validity":null,"amp_enabled":true,"_links":{"self":[{"href":"https:\/\/staging.ivg.it\/ediapi\/wp\/v2\/posts\/450228","targetHints":{"allow":["GET"]}}],"collection":[{"href":"https:\/\/staging.ivg.it\/ediapi\/wp\/v2\/posts"}],"about":[{"href":"https:\/\/staging.ivg.it\/ediapi\/wp\/v2\/types\/post"}],"author":[{"embeddable":true,"href":"https:\/\/staging.ivg.it\/ediapi\/wp\/v2\/users\/18"}],"replies":[{"embeddable":true,"href":"https:\/\/staging.ivg.it\/ediapi\/wp\/v2\/comments?post=450228"}],"version-history":[{"count":0,"href":"https:\/\/staging.ivg.it\/ediapi\/wp\/v2\/posts\/450228\/revisions"}],"wp:attachment":[{"href":"https:\/\/staging.ivg.it\/ediapi\/wp\/v2\/media?parent=450228"}],"wp:term":[{"taxonomy":"category","embeddable":true,"href":"https:\/\/staging.ivg.it\/ediapi\/wp\/v2\/categories?post=450228"},{"taxonomy":"post_tag","embeddable":true,"href":"https:\/\/staging.ivg.it\/ediapi\/wp\/v2\/tags?post=450228"}],"curies":[{"name":"wp","href":"https:\/\/api.w.org\/{rel}","templated":true}]}}