{"id":449967,"date":"2018-10-13T12:25:51","date_gmt":"2018-10-13T10:25:51","guid":{"rendered":"http:\/\/www.ivg.it\/?p=449967"},"modified":"2018-10-13T12:25:51","modified_gmt":"2018-10-13T10:25:51","slug":"ad-albenga-la-giornata-del-ricordo-per-il-centenario-della-prima-guerra-mondiale","status":"publish","type":"post","link":"https:\/\/staging.ivg.it\/2018\/10\/ad-albenga-la-giornata-del-ricordo-per-il-centenario-della-prima-guerra-mondiale\/","title":{"rendered":"Ad Albenga la &#8220;Giornata del Ricordo&#8221; per il centenario della Prima Guerra Mondiale"},"content":{"rendered":"<p><strong>Albenga<\/strong>. In occasione del centenario della Prima Guerra Mondiale, gioved\u00ec 18 e venerd\u00ec 19 ottobre ad Albenga si svolger\u00e0 la \u201cGiornata del Ricordo\u201d.<\/p>\n<p>La sezione di Albenga dell&#8217;Associazione Arma Aeronautica, il 108 Club Frecce Tricolori Albenga e Ponente Ligure \u201cCap. Pil. Valentino Iansa\u201d con il patrocinio del Comune e la partecipazione di tutte le associazioni d&#8217;arma albenganesi ricorderanno i 100 anni dalla fine della Grande Guerra con un&#8217;importante manifestazione commemorativa ed \u00e8 previsto un nutrito programma.<\/p>\n<p>Si parte il 18 ottobre alle 20.30 in piazza San Michele (in caso di maltempo si svolger\u00e0 al Teatro Ambra con ingresso libero), con il concerto della Fanfara dell&#8217;Aeronautica Militare italiana 1\u00b0 regione area Milano. Il 19 ottobre dalle 8.30 sfilata per le vie d&#8217;Albenga con partenza da Porta Torlaro e sosta davanti ai monumenti della citt\u00e0. L&#8217;arrivo sar\u00e0 davanti al seminario vescovile dove alle 11.30 sar\u00e0 celebrata la messa a suffragio di tutti caduti. Seguir\u00e0 il pranzo sociale a scopo benefico in favore della Croce Bianca. Alle 17 estrazione della lotteria presso il seminario vescovile con ricchi premi.<\/p>\n<p>L&#8217;organizzazione invita tutti i cittadini a partecipare.<\/p>\n","protected":false},"excerpt":{"rendered":"<p>Gioved\u00ec 18 e venerd\u00ec 19 ottobre<\/p>\n","protected":false},"author":12120,"featured_media":0,"comment_status":"open","ping_status":"closed","sticky":false,"template":"","format":"standard","meta":{"footnotes":""},"categories":[56],"tags":[98011,98012,71021],"class_list":["post-449967","post","type-post","status-publish","format-standard","hentry","category-altre","tag-108-club-frecce-tricolori","tag-associazione-arma-aeronautica-albenga","tag-centenario-prima-guerra-mondiale","post_cat_citta-albenga"],"amp_validity":null,"amp_enabled":true,"_links":{"self":[{"href":"https:\/\/staging.ivg.it\/ediapi\/wp\/v2\/posts\/449967","targetHints":{"allow":["GET"]}}],"collection":[{"href":"https:\/\/staging.ivg.it\/ediapi\/wp\/v2\/posts"}],"about":[{"href":"https:\/\/staging.ivg.it\/ediapi\/wp\/v2\/types\/post"}],"author":[{"embeddable":true,"href":"https:\/\/staging.ivg.it\/ediapi\/wp\/v2\/users\/12120"}],"replies":[{"embeddable":true,"href":"https:\/\/staging.ivg.it\/ediapi\/wp\/v2\/comments?post=449967"}],"version-history":[{"count":0,"href":"https:\/\/staging.ivg.it\/ediapi\/wp\/v2\/posts\/449967\/revisions"}],"wp:attachment":[{"href":"https:\/\/staging.ivg.it\/ediapi\/wp\/v2\/media?parent=449967"}],"wp:term":[{"taxonomy":"category","embeddable":true,"href":"https:\/\/staging.ivg.it\/ediapi\/wp\/v2\/categories?post=449967"},{"taxonomy":"post_tag","embeddable":true,"href":"https:\/\/staging.ivg.it\/ediapi\/wp\/v2\/tags?post=449967"}],"curies":[{"name":"wp","href":"https:\/\/api.w.org\/{rel}","templated":true}]}}