{"id":449670,"date":"2018-10-09T15:25:44","date_gmt":"2018-10-09T13:25:44","guid":{"rendered":"http:\/\/www.ivg.it\/?p=449670"},"modified":"2018-10-09T15:25:44","modified_gmt":"2018-10-09T13:25:44","slug":"approvato-la-convenzione-tra-regione-e-arpal-sul-progetto-rumble-per-la-riduzione-del-rumore-ambientale","status":"publish","type":"post","link":"https:\/\/staging.ivg.it\/2018\/10\/approvato-la-convenzione-tra-regione-e-arpal-sul-progetto-rumble-per-la-riduzione-del-rumore-ambientale\/","title":{"rendered":"Approvato la convenzione tra Regione e Arpal sul progetto &#8220;Rumble&#8221; per la riduzione del rumore ambientale"},"content":{"rendered":"<p><strong>Regione.<\/strong> La giunta del governatore Giovanni Toti ha approvato lo schema di convenzione tra Regione Liguria e Arpal (Agenzia Regionale per la Protezione dell&#8217;Ambiente Ligure) relativo al progetto &#8220;Rumble&#8221; per la riduzione del rumore ambientale nei grandi porti.<\/p>\n<p>\u201cSi tratta di un progetto transnazionale nel quale la Regione Liguria \u00e8 capofila e del quale fanno parte anche l&#8217;Autorit\u00e0 Portuale del Mar LigureOccidentale, le Universit\u00e0 di Genova e Pisa, le Autorit\u00e0 di Sistema Portuale del Mar Tirreno settentrionale e del Mare di Sardegna, l&#8217;Ufficio dei trasporti della Corsica e la Citt\u00e0 metropolitana di Nizza \u2013 spiega il capogruppo di Forza Italia Angelo Vaccarezza \u2013 L&#8217;obiettivo del progetto \u00e8 quello di rendere maggiormente sostenibili le attivit\u00e0 portuali e migliorare l&#8217;impatto delle emissioni sonore nelle aree prospicienti ai porti commerciali di medie e grandi dimensioni\u201d.<\/p>\n<p>\u201cCompito di Aparl e oggetto della convenzione sar\u00e0 quello di misurare l&#8217;efficacia delle soluzioni che verranno adottate in merito, alla luce del monitoraggio della situazione attuale. La convenzione avr\u00e0 termine nel momento in cui tutte le attivit\u00e0 previste dal progetto &#8216;Rumble&#8217; saranno concluse.\u201d<\/p>\n","protected":false},"excerpt":{"rendered":"<p>Vaccarezza: &#8220;L&#8217;obiettivo \u00e8 rendere maggiormente sostenibili le attivit\u00e0 portuali e migliorare l&#8217;impatto delle emissioni sonore nelle aree prospicienti ai porti&#8221;<\/p>\n","protected":false},"author":12120,"featured_media":0,"comment_status":"open","ping_status":"closed","sticky":false,"template":"","format":"standard","meta":{"footnotes":""},"categories":[31],"tags":[2676,295],"class_list":["post-449670","post","type-post","status-publish","format-standard","hentry","category-politica","tag-emissioni","tag-regione","post_tag_personaggi-angelo-vaccarezza","post_tag_personaggi-giovanni-toti"],"amp_validity":null,"amp_enabled":true,"_links":{"self":[{"href":"https:\/\/staging.ivg.it\/ediapi\/wp\/v2\/posts\/449670","targetHints":{"allow":["GET"]}}],"collection":[{"href":"https:\/\/staging.ivg.it\/ediapi\/wp\/v2\/posts"}],"about":[{"href":"https:\/\/staging.ivg.it\/ediapi\/wp\/v2\/types\/post"}],"author":[{"embeddable":true,"href":"https:\/\/staging.ivg.it\/ediapi\/wp\/v2\/users\/12120"}],"replies":[{"embeddable":true,"href":"https:\/\/staging.ivg.it\/ediapi\/wp\/v2\/comments?post=449670"}],"version-history":[{"count":0,"href":"https:\/\/staging.ivg.it\/ediapi\/wp\/v2\/posts\/449670\/revisions"}],"wp:attachment":[{"href":"https:\/\/staging.ivg.it\/ediapi\/wp\/v2\/media?parent=449670"}],"wp:term":[{"taxonomy":"category","embeddable":true,"href":"https:\/\/staging.ivg.it\/ediapi\/wp\/v2\/categories?post=449670"},{"taxonomy":"post_tag","embeddable":true,"href":"https:\/\/staging.ivg.it\/ediapi\/wp\/v2\/tags?post=449670"}],"curies":[{"name":"wp","href":"https:\/\/api.w.org\/{rel}","templated":true}]}}