{"id":449381,"date":"2018-10-05T10:06:04","date_gmt":"2018-10-05T08:06:04","guid":{"rendered":"http:\/\/www.ivg.it\/?p=449381"},"modified":"2018-10-05T10:06:04","modified_gmt":"2018-10-05T08:06:04","slug":"loano-le-minoranze-tirano-le-orecchie-allamministrazione-valzer-delle-opere-pubbliche-e-poca-concretezza","status":"publish","type":"post","link":"https:\/\/staging.ivg.it\/2018\/10\/loano-le-minoranze-tirano-le-orecchie-allamministrazione-valzer-delle-opere-pubbliche-e-poca-concretezza\/","title":{"rendered":"Loano, le minoranze tirano le orecchie all&#8217;amministrazione: &#8220;Valzer delle opere pubbliche e poca concretezza&#8221;"},"content":{"rendered":"<p><strong>Loano.<\/strong> Nel consiglio comunale del 28 settembre l&#8217;amministrazione comunale ha presentato tre importanti documenti: il rendiconto consolidato relativo all&#8217;anno 2017, il Documento unico di programmazione per il triennio  2019-2021 e una variazione urgente di bilancio. In particolar modo \u00e8 stato il Documento Unico di Programmazione 2019-2021 ad attirare le principali critiche da parte delle minoranze. <\/p>\n<p>&#8220;Abbiamo contestato all&#8217;amministrazione &#8211; scrivono in un comunicato congiunto il Pd e LoaNoi &#8211; l&#8217;assenza di corrispondenza fra quanto riportato nei documenti amministrativi di programmazione (che nel corso di questi due anni di mandato hanno subito almeno 5\/6 modifiche sostanziali) e la realt\u00e0 della nostra cittadina. Con riferimento alle  opere pubbliche, stando ai documenti di programmazione presentati a inizio mandato e successive modifiche, ad oggi le seguenti opere dovrebbero gi\u00e0 essere prossime all&#8217;inaugurazione: passeggiata di ponente, rifacimento marciapiedi di Corso Roma, manutenzione dei &#8216;caruggetti Orbi&#8217;. La realt\u00e0 \u00e8 che in questi due anni tali opere sono state oggetto di continui &#8216;spostamenti&#8217; sulla carta, individuando come termine ultimo per il loro completamento l&#8217;anno 2021, vale a dire il termine del mandato di questa amministrazione. La nostra impressione (ma ci auguriamo di essere smentiti) \u00e8 che queste opere non vedranno la luce (visto lo stato di &#8216;confusione&#8217; in cui versa l&#8217;amministrazione) entro il termine ipotizzato&#8221;.<\/p>\n<p>&#8220;Siamo anche intervenuti toccando tematiche importanti quali turismo, decoro urbano, manutenzioni e sicurezza, segnalando quanto maggiormente ci preoccupa &#8211; proseguono le minoranze &#8211; In particolare, i dati turistici 2018 sono impietosi: 16000 presenze in meno! Il calo delle presenze turistiche dovrebbe suonare, a difesa degli operatori alberghieri e del commercio, come un preoccupante campanello d&#8217;allarme. E poi, a pochi giorni dalla caduta di un albero, fortunatamente senza conseguenze tragiche, abbiamo rimarcato l&#8217;esigenza di un importante piano di manutenzione&#8221;.<\/p>\n<p>E poi ci sono altri temi: &#8220;Il punteruolo rosso sta devastando lo &#8216;skyline&#8217; che ha da sempre accompagnato l&#8217;immagine di Loano; la scellerata raccolta indifferenziata ci ha consegnato, giorno dopo giorno, una Loano sempre meno pulita e lontana da quanto desideriamo; l&#8217;amministrazione crede che la lotta alla delinquenza sia perseguire il solo abusivismo commerciale perch\u00e9 droga, criminalit\u00e0 ed infiltrazioni di carattere malavitoso non sono di competenza di questa amministrazione; la situazione dell&#8217;organico comunale risulta evidente e con conseguenti ricadute: preoccupa la carenza di risorse umane da destinare al decoro ed alla funzionalit\u00e0 del paese, preferendo invece difendere la scelta di esternalizzare tutti i servizi; non esiste nessuna programmata prevenzione a difesa dei cittadini (il torrente Nimbalto, in un periodo di piogge, \u00e8 la testimonianza pi\u00f9 eloquente di quanto questa giunta preferisca, in virt\u00f9 all&#8217;assidua presenza liturgica, rivolgersi al buon Dio per traslare altrove gli strali del cielo); \u00e8 crescente lo stato di impoverimento delle famiglie residenti, che una crisi mai finita sta evidenziando sempre pi\u00f9 l&#8217;inadeguatezza del fabbisogno rendendo in-conclusivi gli interventi a favore&#8221;. <\/p>\n<p>&#8220;Siamo pertanto oggi in grado di asserire &#8211; tuonano le minoranze &#8211; di trovarci di fronte a persone spesso fuori ruolo, con esperienze inadeguate ed un tempo molto limitato da destinare alle necessit\u00e0 della citt\u00e0; per non parlare poi dell&#8217;assoluta inadeguatezza nel raccogliere le difficili sfide di un prossimo futuro. Probabilmente la perversa logica elettorale con cui il movimento Pignocca si confronta con la citt\u00e0 \u00e8 pi\u00f9 finalizzato agli equilibri politici elettorali tra Regione e Comune di Loano&#8221;.<\/p>\n","protected":false},"excerpt":{"rendered":"<p>In un comunicato congiunto Pd e LoaNoi elencano le criticit\u00e0<\/p>\n","protected":false},"author":10593,"featured_media":0,"comment_status":"open","ping_status":"closed","sticky":false,"template":"","format":"standard","meta":{"footnotes":""},"categories":[31],"tags":[],"class_list":["post-449381","post","type-post","status-publish","format-standard","hentry","category-politica","post_cat_citta-loano"],"amp_validity":null,"amp_enabled":true,"_links":{"self":[{"href":"https:\/\/staging.ivg.it\/ediapi\/wp\/v2\/posts\/449381","targetHints":{"allow":["GET"]}}],"collection":[{"href":"https:\/\/staging.ivg.it\/ediapi\/wp\/v2\/posts"}],"about":[{"href":"https:\/\/staging.ivg.it\/ediapi\/wp\/v2\/types\/post"}],"author":[{"embeddable":true,"href":"https:\/\/staging.ivg.it\/ediapi\/wp\/v2\/users\/10593"}],"replies":[{"embeddable":true,"href":"https:\/\/staging.ivg.it\/ediapi\/wp\/v2\/comments?post=449381"}],"version-history":[{"count":0,"href":"https:\/\/staging.ivg.it\/ediapi\/wp\/v2\/posts\/449381\/revisions"}],"wp:attachment":[{"href":"https:\/\/staging.ivg.it\/ediapi\/wp\/v2\/media?parent=449381"}],"wp:term":[{"taxonomy":"category","embeddable":true,"href":"https:\/\/staging.ivg.it\/ediapi\/wp\/v2\/categories?post=449381"},{"taxonomy":"post_tag","embeddable":true,"href":"https:\/\/staging.ivg.it\/ediapi\/wp\/v2\/tags?post=449381"}],"curies":[{"name":"wp","href":"https:\/\/api.w.org\/{rel}","templated":true}]}}