{"id":449133,"date":"2018-10-02T12:29:34","date_gmt":"2018-10-02T10:29:34","guid":{"rendered":"http:\/\/www.ivg.it\/?p=449133"},"modified":"2018-10-02T12:30:14","modified_gmt":"2018-10-02T10:30:14","slug":"volley-team-finale-ecco-le-new-entry-nello-staff","status":"publish","type":"post","link":"https:\/\/staging.ivg.it\/2018\/10\/volley-team-finale-ecco-le-new-entry-nello-staff\/","title":{"rendered":"Volley Team Finale: ecco le New Entry nello staff!"},"content":{"rendered":"<p>Arrivi e partenze: quest&#8217;anno lo staff tecnico del Volley Team Finale, sezione della Polisportiva del Finale A.S.D. ha modificato l&#8217;assetto.<\/p>\n<p>Salutiamo e ringraziamo i tecnici Virginia Ciarlo, che si trasferir\u00e0 presto, Daria Molina, che ha appeso il cartellino al chiodo e Fabio Esposito, che per problemi di incompatibilit\u00e0 lavorativa non potr\u00e0 essere con noi e diamo il benvenuto alle tre New Entry: Eleonora Calegari, Nicol\u00f2 Visca e Giovanni Testa.<\/p>\n<p>Eleonora, dopo la laurea in Scienze Motorie ha subito preso l&#8217;abilitazione all&#8217;insegnamento ed \u00e8 ormai da qualche anno docente di Educazione Fisica negli Istituti Superiori di Finale Ligure e dintorni. Eleonora, che \u00e8 anche giocatrice e anche quest&#8217;anno arricchir\u00e0 la nostra serie D con la sua pluriennale esperienza, ha gi\u00e0 avuto modo di poter testare cosa vuol dire stare in panchina avendo anche fatto un anno da secondo allenatore nella serie B femminile. Si occuper\u00e0 di under 16 femminile e di preparazione fisica insieme al Coach Davide Bruzzo per la parte femminile.<\/p>\n<p>Nicol\u00f2, anche lui laureato in Scienze Motorie (sta terminando anche la Magistrale), ha bazzicato i campi da gioco di volley da sempre, arrivando a giocare stabilmente in serie C maschile. Nicol\u00f2 ama molto anche il beach volley ed \u00e8 in possesso del patentino da Maestro di Beach Volley ottenuto dopo aver frequentato il corso indetto dalla FIPAV a Jesolo. La passione per il beach lo ha gi\u00e0 portato a partecipare a numerosi competizioni su tutto il territorio nazionale tra cui Sorrento e Mantova. Anche Nicol\u00f2 quest&#8217;anno sar\u00e0 impegnato sul doppio binario allenatore\/giocatore. Allener\u00e0 insieme a Coach Alessandro i gruppi di S3 e di under 12 e militer\u00e0 nella nostra serie C.<\/p>\n<p>Giovanni Testa, cresciuto nel vivaio finalese, aveva abbandonato la carriera da giocatore, peraltro gratificante, per trasferirsi a Torino e studiare Scienze Motorie. Ancora prima di terminare il suo percorso di studi aveva fatto pratica ed in seguito era stato assunto in una palestra dove svolgeva prima l&#8217;incarico di istruttore in sala pesi per passare poi ad essere personal trainer. Mentre era a Torino ha seguito anche un progetto con le scuole, in cui insegnava pallavolo alle classi quarte e quinte elementari di un plesso torinese, e ha seguito per conto del CUS Torino una squadra under 18 di basket in qualit\u00e0 di preparatore fisico. Quest&#8217;anno torna a Finale come braccio destro di Cuoco Paroli per i gruppi under 16 e 18 maschile e come preparatore fisico per la prima squadra e non solo! Tra la fine del corso in Tecniche Avanzate dello Sport e le ore in palestra come allenatore, trover\u00e0 anche il tempo di allenarsi lui stesso per far parte della prima squadra maschile!<\/p>\n<p>Un ben arrivato a tutti e tre e&#8230; buon lavoro!!!<\/p>\n","protected":false},"excerpt":{"rendered":"<p>Arrivi e partenze: quest&#8217;anno lo staff tecnico del Volley Team Finale, sezione della Polisportiva del Finale A.S.D. ha modificato l&#8217;assetto. Salutiamo e ringraziamo i tecnici Virginia Ciarlo, che si trasferir\u00e0 presto, Daria Molina, che ha appeso il cartellino al chiodo e Fabio Esposito, che per problemi di incompatibilit\u00e0 lavorativa non potr\u00e0 essere con noi e [&hellip;]<\/p>\n","protected":false},"author":17911,"featured_media":0,"comment_status":"open","ping_status":"closed","sticky":false,"template":"","format":"standard","meta":{"footnotes":""},"categories":[45296,91277,88559],"tags":[2264],"class_list":["post-449133","post","type-post","status-publish","format-standard","hentry","category-copertina","category-polisportiva-del-finale","category-rubriche","tag-volley-team-finale"],"amp_validity":null,"amp_enabled":true,"_links":{"self":[{"href":"https:\/\/staging.ivg.it\/ediapi\/wp\/v2\/posts\/449133","targetHints":{"allow":["GET"]}}],"collection":[{"href":"https:\/\/staging.ivg.it\/ediapi\/wp\/v2\/posts"}],"about":[{"href":"https:\/\/staging.ivg.it\/ediapi\/wp\/v2\/types\/post"}],"author":[{"embeddable":true,"href":"https:\/\/staging.ivg.it\/ediapi\/wp\/v2\/users\/17911"}],"replies":[{"embeddable":true,"href":"https:\/\/staging.ivg.it\/ediapi\/wp\/v2\/comments?post=449133"}],"version-history":[{"count":0,"href":"https:\/\/staging.ivg.it\/ediapi\/wp\/v2\/posts\/449133\/revisions"}],"wp:attachment":[{"href":"https:\/\/staging.ivg.it\/ediapi\/wp\/v2\/media?parent=449133"}],"wp:term":[{"taxonomy":"category","embeddable":true,"href":"https:\/\/staging.ivg.it\/ediapi\/wp\/v2\/categories?post=449133"},{"taxonomy":"post_tag","embeddable":true,"href":"https:\/\/staging.ivg.it\/ediapi\/wp\/v2\/tags?post=449133"}],"curies":[{"name":"wp","href":"https:\/\/api.w.org\/{rel}","templated":true}]}}