{"id":448344,"date":"2018-09-23T18:29:52","date_gmt":"2018-09-23T16:29:52","guid":{"rendered":"http:\/\/www.ivg.it\/?p=448344"},"modified":"2018-09-23T18:38:35","modified_gmt":"2018-09-23T16:38:35","slug":"finale-gianmarco-basso-siamo-stati-bravi-dopo-le-due-reti-a-gestire-al-meglio-la-gara","status":"publish","type":"post","link":"https:\/\/staging.ivg.it\/2018\/09\/finale-gianmarco-basso-siamo-stati-bravi-dopo-le-due-reti-a-gestire-al-meglio-la-gara\/","title":{"rendered":"Finale, Gianmarco Basso: &#8220;Siamo stati bravi, dopo le due reti, a gestire al meglio la gara&#8221;"},"content":{"rendered":"<p><strong>Savona.<\/strong> Il <strong>Finale<\/strong> espugna l&#8217;ostico terreno del <strong>Valdivara,<\/strong> grazie alle reti di <strong>Ferrara<\/strong> e <strong>Capra<\/strong> e dopo due giornate si ritrova, in compagnia di <strong>Vado<\/strong> e <strong>Pietra Ligure,<\/strong> al <strong>comando della classifica.<\/strong><\/p>\n<p>&#8220;Gli obiettivi stagionali sono chiari a tutti, <strong>vogliamo essere<\/strong> <strong>protagonisti su ogni campo e contro qualsiasi avversario<\/strong> &#8211; dichiara <strong>Gianmarco Basso<\/strong> &#8211; il <strong>Finale<\/strong> \u00e8 stato <strong>costruito<\/strong> <strong>per essere competitivo<\/strong> durante tutto l&#8217;arco del torneo. Vincere in casa del <strong>Valdivara<\/strong> non sar\u00e0 facile per nessuno, noi ci siamo riusciti, soffrendo nelle fasi iniziali del match, poi, abbiamo piazzato, nel giro di pochi minuti <strong>l&#8217;uno-due vincente&#8221;.<\/strong><\/p>\n<p>&#8220;Gli avversari hanno cercato di incanalare la partita sul <strong>piano fisico,<\/strong> <strong>siamo stati bravi, attraverso il palleggio e la qualit\u00e0 del gioco, a gestire l&#8217;incontro<\/strong>, la vittoria \u00e8 meritata, ma \u00e8 presto per cantare vittoria , il cammino \u00e8 lungo, ragion per cui, testa bassa e pedalare&#8230;&#8221;.<\/p>\n","protected":false},"excerpt":{"rendered":"<p>Il centrocampista giallorosso punta il dito sulla mentalit\u00e0 propositiva della squadra<\/p>\n","protected":false},"author":11482,"featured_media":0,"comment_status":"open","ping_status":"closed","sticky":false,"template":"","format":"standard","meta":{"footnotes":""},"categories":[45296,182,32],"tags":[21405],"class_list":["post-448344","post","type-post","status-publish","format-standard","hentry","category-copertina","category-calcio","category-sport","tag-finale-fbc","post_cat_citta-finale-ligure","post_tag_personaggi-gianmarco-basso"],"amp_validity":null,"amp_enabled":true,"_links":{"self":[{"href":"https:\/\/staging.ivg.it\/ediapi\/wp\/v2\/posts\/448344","targetHints":{"allow":["GET"]}}],"collection":[{"href":"https:\/\/staging.ivg.it\/ediapi\/wp\/v2\/posts"}],"about":[{"href":"https:\/\/staging.ivg.it\/ediapi\/wp\/v2\/types\/post"}],"author":[{"embeddable":true,"href":"https:\/\/staging.ivg.it\/ediapi\/wp\/v2\/users\/11482"}],"replies":[{"embeddable":true,"href":"https:\/\/staging.ivg.it\/ediapi\/wp\/v2\/comments?post=448344"}],"version-history":[{"count":0,"href":"https:\/\/staging.ivg.it\/ediapi\/wp\/v2\/posts\/448344\/revisions"}],"wp:attachment":[{"href":"https:\/\/staging.ivg.it\/ediapi\/wp\/v2\/media?parent=448344"}],"wp:term":[{"taxonomy":"category","embeddable":true,"href":"https:\/\/staging.ivg.it\/ediapi\/wp\/v2\/categories?post=448344"},{"taxonomy":"post_tag","embeddable":true,"href":"https:\/\/staging.ivg.it\/ediapi\/wp\/v2\/tags?post=448344"}],"curies":[{"name":"wp","href":"https:\/\/api.w.org\/{rel}","templated":true}]}}