{"id":448172,"date":"2018-09-20T18:02:06","date_gmt":"2018-09-20T16:02:06","guid":{"rendered":"http:\/\/www.ivg.it\/?p=448172"},"modified":"2018-09-20T18:02:29","modified_gmt":"2018-09-20T16:02:29","slug":"bocce-alassio-e-pronta-ad-ospitare-il-campionato-europeo","status":"publish","type":"post","link":"https:\/\/staging.ivg.it\/2018\/09\/bocce-alassio-e-pronta-ad-ospitare-il-campionato-europeo\/","title":{"rendered":"Bocce, Alassio \u00e8 pronta ad ospitare il campionato europeo"},"content":{"rendered":"<p><strong>Alassio.<\/strong> Continua il conto alla rovescia in vista dell&#8217;Europeo maschile di volo di Alassio, al via gioved\u00ec 27 settembre, presso il palasport Ravizza, con la partecipazione di 20 Paesi. Il programma della manifestazione si presenta intenso e di grande interesse, con alcune interessanti novit\u00e0.<\/p>\n<p><strong>Gioved\u00ec sera il tentativo di record del mondo<\/strong><br \/>\nAlassio sar\u00e0 &#8220;tappa&#8221; del percorso che dovrebbe portare lo sport bocce ai Giochi di Parigi 2024. Nella serata di gioved\u00ec 27, infatti, a chiusura della cerimonia di inaugurazione, si terr\u00e0 per la prima volta in Italia un&#8217;esibizione di staffetta mista, specialit\u00e0 deputata a diventare disciplina olimpica. A tentare di migliorare il record del mondo, stabilito qualche giorno fa in Francia, saranno gli italiani Serena Traversa e Simone Mana e i francesi Barbara Barthet e S\u00e9bastien Leiva Marcon. All&#8217;appuntamento saranno presenti anche i vertici della Federazione Internazionale e di quella Europea, nonch\u00e9 il presidente della Federazione Italiana Bocce Giunio De Sanctis.<\/p>\n<p><strong>Tutti i nomi dei protagonisti<\/strong><br \/>\nSono oltre ottanta gli atleti che scenderanno in campo durante l&#8217;Europeo in rappresentanza delle 20 nazioni iscritte. I loro nomi, unitamente a quelli dei rispettivi staff tecnici e dirigenziali, sono sul sito della manifestazione, cui si pu\u00f2 accedere cliccando\u00a0<a href=\"https:\/\/alassio2018.us17.list-manage.com\/track\/click?u=b77da37fc419d33a12a6ba948&amp;id=805c46ae6a&amp;e=6b387e3f84\" target=\"_blank\" rel=\"noopener noreferrer\">qui<\/a>.<\/p>\n<p><strong>Un&#8217;ottima copertura su internet e in televisione<\/strong><br \/>\nLe quattro intere giornate della manifestazione saranno trasmesse in diretta streaming (a cura di https:\/\/culturesportboules.blogspot.com), con commento in due lingue (italiano e francese), con accesso da diversi siti, tra i quali quello dell&#8217;evento (<a href=\"https:\/\/alassio2018.us17.list-manage.com\/track\/click?u=b77da37fc419d33a12a6ba948&amp;id=303368b8a2&amp;e=6b387e3f84\" target=\"_blank\" rel=\"noopener noreferrer\">www.alassio2018.com<\/a>) e quello della Federazione Italiana (<a href=\"https:\/\/alassio2018.us17.list-manage.com\/track\/click?u=b77da37fc419d33a12a6ba948&amp;id=4ff2c3b98d&amp;e=6b387e3f84\" target=\"_blank\" rel=\"noopener noreferrer\">www.federbocce.it<\/a>).<br \/>\nLa copertura televisiva sar\u00e0 assicurata da Rai Sport. Con una sintesi che andr\u00e0 in onda in differita nelle settimane successive, e dall&#8217;emittente francese L&#8217;Equipe che trasmetter\u00e0, qualche giorno pi\u00f9 tardi, le immagini di tutte le finali, con diverse repliche.<\/p>\n<p><strong>Grande successo per il corso di formazione dei docenti<\/strong><br \/>\nOltre cinquanta sono stati gli insegnanti, degli istituti comprensivi di Alassio e dintorni (scuola primaria e secondaria di primo grado), che hanno preso parte la settimana scorsa al corso di formazione per la pratica sportiva di base, appuntamento collaterale all&#8217;Europeo. Molto interessanti i temi trattati, sia a livello teorico che pratico, trattati dai docenti formatori Giorgio Barone e Claudio Bizzarri, che hanno dimostrato come lo sport possa essere strumento di inclusione e di avvicinamento a materie normalmente estranee all&#8217;attivit\u00e0 fisica. Presenti insegnanti di educazione motoria, matematica, sostegno e numerose maestre.<\/p>\n<p>A seguito di questa interessante e qualificata iniziativa si \u00e8 creato ancor maggior interesse intorno all&#8217;evento e numerosi istituti del comprensorio, anche con sede nell&#8217;entroterra, hanno assicurato la loro presenza all&#8217;evento, in particolare per la giornata di venerd\u00ec.<\/p>\n<p><strong>Il programma definitivo \u00e8 on line<\/strong><br \/>\nQualche piccola variazione, da parte della Commissione Tecnica della Federazione Internazionale ed Europea, \u00e8 stata apportata al programma orario dell&#8217;evento. La versione aggiornata \u00e8 on line su\u00a0<a href=\"https:\/\/alassio2018.us17.list-manage.com\/track\/click?u=b77da37fc419d33a12a6ba948&amp;id=bc8c159841&amp;e=6b387e3f84\" target=\"_blank\" rel=\"noopener noreferrer\">www.alassio2018.com<\/a>. La riunione tecnica e i sorteggi sono confermati per la mattina di gioved\u00ec 27, sempre presso il Palaravizza.<\/p>\n","protected":false},"excerpt":{"rendered":"<p>Venti le nazioni in gara, oltre ottanta gli atleti impegnati<\/p>\n","protected":false},"author":18,"featured_media":0,"comment_status":"open","ping_status":"closed","sticky":false,"template":"","format":"standard","meta":{"footnotes":""},"categories":[45296,42377,32],"tags":[2312,12128],"class_list":["post-448172","post","type-post","status-publish","format-standard","hentry","category-copertina","category-altri-sport","category-sport","tag-bocce","tag-campionato-europeo","post_cat_citta-alassio"],"amp_validity":null,"amp_enabled":true,"_links":{"self":[{"href":"https:\/\/staging.ivg.it\/ediapi\/wp\/v2\/posts\/448172","targetHints":{"allow":["GET"]}}],"collection":[{"href":"https:\/\/staging.ivg.it\/ediapi\/wp\/v2\/posts"}],"about":[{"href":"https:\/\/staging.ivg.it\/ediapi\/wp\/v2\/types\/post"}],"author":[{"embeddable":true,"href":"https:\/\/staging.ivg.it\/ediapi\/wp\/v2\/users\/18"}],"replies":[{"embeddable":true,"href":"https:\/\/staging.ivg.it\/ediapi\/wp\/v2\/comments?post=448172"}],"version-history":[{"count":0,"href":"https:\/\/staging.ivg.it\/ediapi\/wp\/v2\/posts\/448172\/revisions"}],"wp:attachment":[{"href":"https:\/\/staging.ivg.it\/ediapi\/wp\/v2\/media?parent=448172"}],"wp:term":[{"taxonomy":"category","embeddable":true,"href":"https:\/\/staging.ivg.it\/ediapi\/wp\/v2\/categories?post=448172"},{"taxonomy":"post_tag","embeddable":true,"href":"https:\/\/staging.ivg.it\/ediapi\/wp\/v2\/tags?post=448172"}],"curies":[{"name":"wp","href":"https:\/\/api.w.org\/{rel}","templated":true}]}}