{"id":447326,"date":"2018-09-09T19:34:42","date_gmt":"2018-09-09T17:34:42","guid":{"rendered":"http:\/\/www.ivg.it\/?p=447326"},"modified":"2018-09-09T19:34:42","modified_gmt":"2018-09-09T17:34:42","slug":"si-tuffa-in-acqua-e-rischia-di-affogare-salvato-dal-bagnino","status":"publish","type":"post","link":"https:\/\/staging.ivg.it\/2018\/09\/si-tuffa-in-acqua-e-rischia-di-affogare-salvato-dal-bagnino\/","title":{"rendered":"Si tuffa in acqua e rischia di affogare: salvato dal bagnino"},"content":{"rendered":"<p><strong>Finale Ligure.<\/strong> Attimi di paura, questa mattina intorno alle 11.30, ai bagno Clara di Varigotti, dove un uomo di 82 anni ha rischiato l&#8217;annegamento.<\/p>\n<p>L&#8217;uomo, proveniente da Milano, si \u00e8 tuffato in acqua ma dopo pochi istanti \u00e8 finito sott&#8217;acqua. Ad accorgersene sono stati alcuni turisti ed il bagnino, che \u00e8 immediatamente intervenuto per salvarlo.<\/p>\n<p>L&#8217;uomo, ormai incosciente, \u00e8 stato recuperato e portato a riva. In pochi minuti \u00e8 giunta sul posto un&#8217;ambulanza della Croce Bianca di Finale Ligure: il personale sanitario ha immediatamente capito la gravit\u00e0 della situazione in cui versava il turista lombardo e ha iniziato la rianimazione cardioplomonare, con l&#8217;ausilio del defibrillatore semi automatico.<\/p>\n<p>Dopo pochi minuti di massaggio cardiaco il paziente ha iniziato a mostrare piccoli segni di ripresa; le sue condizioni sono ulteriormente migliorate dopo l&#8217;arrivo dell&#8217;automatica Sierra 4 con il personale medico e infermieristico. L&#8217;anziano \u00e8 stato trasportato in codice rosso all&#8217;ospedale Santa Corona di Pietra Ligure, dove fortunatamente ha ripreso conoscenza.<\/p>\n","protected":false},"excerpt":{"rendered":"<p>E&#8217; successo questa mattina a Varigotti<\/p>\n","protected":false},"author":10593,"featured_media":0,"comment_status":"open","ping_status":"closed","sticky":false,"template":"","format":"standard","meta":{"footnotes":""},"categories":[45296,34],"tags":[],"class_list":["post-447326","post","type-post","status-publish","format-standard","hentry","category-copertina","category-cronaca","post_cat_citta-finale-ligure","post_cat_citta-varigotti"],"amp_validity":null,"amp_enabled":true,"_links":{"self":[{"href":"https:\/\/staging.ivg.it\/ediapi\/wp\/v2\/posts\/447326","targetHints":{"allow":["GET"]}}],"collection":[{"href":"https:\/\/staging.ivg.it\/ediapi\/wp\/v2\/posts"}],"about":[{"href":"https:\/\/staging.ivg.it\/ediapi\/wp\/v2\/types\/post"}],"author":[{"embeddable":true,"href":"https:\/\/staging.ivg.it\/ediapi\/wp\/v2\/users\/10593"}],"replies":[{"embeddable":true,"href":"https:\/\/staging.ivg.it\/ediapi\/wp\/v2\/comments?post=447326"}],"version-history":[{"count":0,"href":"https:\/\/staging.ivg.it\/ediapi\/wp\/v2\/posts\/447326\/revisions"}],"wp:attachment":[{"href":"https:\/\/staging.ivg.it\/ediapi\/wp\/v2\/media?parent=447326"}],"wp:term":[{"taxonomy":"category","embeddable":true,"href":"https:\/\/staging.ivg.it\/ediapi\/wp\/v2\/categories?post=447326"},{"taxonomy":"post_tag","embeddable":true,"href":"https:\/\/staging.ivg.it\/ediapi\/wp\/v2\/tags?post=447326"}],"curies":[{"name":"wp","href":"https:\/\/api.w.org\/{rel}","templated":true}]}}