{"id":446172,"date":"2018-08-22T10:31:22","date_gmt":"2018-08-22T08:31:22","guid":{"rendered":"http:\/\/www.ivg.it\/?p=446172"},"modified":"2018-08-22T10:52:11","modified_gmt":"2018-08-22T08:52:11","slug":"servizio-civile-con-lavis-ecco-i-posti-disponibili-nel-savonese","status":"publish","type":"post","link":"https:\/\/staging.ivg.it\/2018\/08\/servizio-civile-con-lavis-ecco-i-posti-disponibili-nel-savonese\/","title":{"rendered":"Servizio civile con l&#8217;Avis: ecco i posti disponibili nel savonese"},"content":{"rendered":"<p><strong>Savona.<\/strong> E\u2019 stato pubblicato il bando nazionale di Servizio Civile 2018 \u2013 \u201cGiovani con Avis in Liguria\u201d. <\/p>\n<p>Il bando \u00e8 riservato a tutti i giovani tra i 18 e i 28 anni interessati a dedicare, per un anno intero, alcune ore al giorno per la realizzazione di un progetto di solidariet\u00e0 sociale e di tutela della salute.<\/p>\n<p>I posti disponibili nella nostra provincia sono: uno presso l\u2019Avis Comunale Alassio e di Albenga, due per l\u2019Avis provinciale e altri due per l\u2019Avis comunale di Savona.<\/p>\n<p>Da ormai diversi anni decine di giovani escono di casa per andare a svolgere il Servizio Civile in una delle tante sedi AVIS presenti sul territorio savonese e ligure. Di fatti, ogni giorno, questi ragazzi dedicano buona parte della loro giornata alla nostra associazione: accolgono i donatori, li assistono, li informano, s\u2019impegnano nella promozione della donazione del sangue tra i loro coetanei nelle scuole, e tra la gente, s\u2019ingegnano per poter essere d\u2019aiuto.<\/p>\n<p>Si tratta di ragazzi e ragazze tra i 18 e i 29 anni che hanno fatto una scelta ben precisa: quella di dedicare un anno intero della propria vita agli altri. Hanno scelto, tra le tante opportunit\u00e0, di impegnarsi proprio a tutela del diritto alla salute e per la solidariet\u00e0, da cittadini attivi e responsabili. Credono nel valore, e soprattutto nella necessit\u00e0, oggi, di un servizio \u201cCivile\u201d.<\/p>\n","protected":false},"excerpt":{"rendered":"<p>E&#8217; stato pubblicato il bando nazionale<\/p>\n","protected":false},"author":4,"featured_media":0,"comment_status":"open","ping_status":"closed","sticky":false,"template":"","format":"standard","meta":{"footnotes":""},"categories":[56],"tags":[101079,79441,68913],"class_list":["post-446172","post","type-post","status-publish","format-standard","hentry","category-altre","tag-avis-alassio","tag-avis-albenga","tag-avis-savona","post_cat_citta-alassio","post_cat_citta-albenga","post_cat_citta-savona"],"amp_validity":null,"amp_enabled":true,"_links":{"self":[{"href":"https:\/\/staging.ivg.it\/ediapi\/wp\/v2\/posts\/446172","targetHints":{"allow":["GET"]}}],"collection":[{"href":"https:\/\/staging.ivg.it\/ediapi\/wp\/v2\/posts"}],"about":[{"href":"https:\/\/staging.ivg.it\/ediapi\/wp\/v2\/types\/post"}],"author":[{"embeddable":true,"href":"https:\/\/staging.ivg.it\/ediapi\/wp\/v2\/users\/4"}],"replies":[{"embeddable":true,"href":"https:\/\/staging.ivg.it\/ediapi\/wp\/v2\/comments?post=446172"}],"version-history":[{"count":0,"href":"https:\/\/staging.ivg.it\/ediapi\/wp\/v2\/posts\/446172\/revisions"}],"wp:attachment":[{"href":"https:\/\/staging.ivg.it\/ediapi\/wp\/v2\/media?parent=446172"}],"wp:term":[{"taxonomy":"category","embeddable":true,"href":"https:\/\/staging.ivg.it\/ediapi\/wp\/v2\/categories?post=446172"},{"taxonomy":"post_tag","embeddable":true,"href":"https:\/\/staging.ivg.it\/ediapi\/wp\/v2\/tags?post=446172"}],"curies":[{"name":"wp","href":"https:\/\/api.w.org\/{rel}","templated":true}]}}