{"id":445137,"date":"2018-08-07T11:08:24","date_gmt":"2018-08-07T09:08:24","guid":{"rendered":"http:\/\/www.ivg.it\/?p=445137"},"modified":"2018-08-07T11:31:03","modified_gmt":"2018-08-07T09:31:03","slug":"celle-ligure-via-libera-al-recupero-delle-colonie-bergamasche-e-del-complesso-olmo","status":"publish","type":"post","link":"https:\/\/staging.ivg.it\/2018\/08\/celle-ligure-via-libera-al-recupero-delle-colonie-bergamasche-e-del-complesso-olmo\/","title":{"rendered":"Celle Ligure, via libera al recupero delle Colonie Bergamasche e del complesso Olmo"},"content":{"rendered":"<p><strong>Celle Ligure.<\/strong> La Giunta regionale, su proposta dell&#8217;assessore all&#8217;urbanistica Marco Scajola, ha dato il via libera alla variante che consentir\u00e0 la demolizione e ricostruzione del complesso produttivo &#8220;Olmo&#8221; di Celle Ligure: prevista la realizzazione di due edifici da destinare ad uso residenziale, con uffici pubblici, spazi commerciali e parcheggi pubblici. Approvata, sempre in Giunta, la variante al Piano urbanistico dello stesso comune di Celle che attiva il recupero con funzioni turistiche e ricettive delle ex-colonie Bergamasche.<\/p>\n<p>In particolare, l&#8217;intervento sulle ex-colonie porter\u00e0 alla realizzazione, grazie alla demolizione e ricostruzione delle strutture, di una residenza turistico-alberghiera con servizi connessi, tra cui un centro benessere.<\/p>\n<p>&#8220;Sono soddisfatto del lavoro svolto dagli uffici &#8211; afferma l&#8217;assessore Scajola &#8211; questi due interventi di demolizione e ricostruzione garantiranno non solo nuovi spazi per attivit\u00e0 commerciali e turistiche, ma porteranno a un&#8217;ulteriore valorizzazione di un territorio di grande pregio, tenendo fermo il costante rispetto del paesaggio e del territorio&#8221;.<\/p>\n<p>Soddisfazione \u00e8 stata espressa anche dal sindaco Renato Zunino: &#8220;Approvata prima in Giunta e poi in Consiglio Comunale,abbiamo firmato la convenzione riguardante le Colonie Bergamasche. L&#8217;inizio lavori \u00e9 previsto entro la fine anno. Contemporaneamente, inizieranno anche i lavori di sistemazione dell&#8217;ex cinema Giardino .Finalmente una delle trasformazioni territoriali prende il via&#8221;.<\/p>\n","protected":false},"excerpt":{"rendered":"<p>Il s\u00ec della Regione al piano urbanistico: &#8220;Cambier\u00e0 il volto del borgo, nuove attivit\u00e0 e turismo d&#8217;eccellenza&#8221;<\/p>\n","protected":false},"author":4,"featured_media":0,"comment_status":"open","ping_status":"closed","sticky":false,"template":"","format":"standard","meta":{"footnotes":""},"categories":[45296,35,31],"tags":[98673,32601,295],"class_list":["post-445137","post","type-post","status-publish","format-standard","hentry","category-copertina","category-economia","category-politica","tag-comune-celle","tag-ex-colonie-bergamasche","tag-regione","post_cat_citta-celle-ligure","post_tag_personaggi-marco-scajola-2"],"amp_validity":null,"amp_enabled":true,"_links":{"self":[{"href":"https:\/\/staging.ivg.it\/ediapi\/wp\/v2\/posts\/445137","targetHints":{"allow":["GET"]}}],"collection":[{"href":"https:\/\/staging.ivg.it\/ediapi\/wp\/v2\/posts"}],"about":[{"href":"https:\/\/staging.ivg.it\/ediapi\/wp\/v2\/types\/post"}],"author":[{"embeddable":true,"href":"https:\/\/staging.ivg.it\/ediapi\/wp\/v2\/users\/4"}],"replies":[{"embeddable":true,"href":"https:\/\/staging.ivg.it\/ediapi\/wp\/v2\/comments?post=445137"}],"version-history":[{"count":0,"href":"https:\/\/staging.ivg.it\/ediapi\/wp\/v2\/posts\/445137\/revisions"}],"wp:attachment":[{"href":"https:\/\/staging.ivg.it\/ediapi\/wp\/v2\/media?parent=445137"}],"wp:term":[{"taxonomy":"category","embeddable":true,"href":"https:\/\/staging.ivg.it\/ediapi\/wp\/v2\/categories?post=445137"},{"taxonomy":"post_tag","embeddable":true,"href":"https:\/\/staging.ivg.it\/ediapi\/wp\/v2\/tags?post=445137"}],"curies":[{"name":"wp","href":"https:\/\/api.w.org\/{rel}","templated":true}]}}