{"id":445135,"date":"2018-08-07T10:46:27","date_gmt":"2018-08-07T08:46:27","guid":{"rendered":"http:\/\/www.ivg.it\/?p=445135"},"modified":"2018-08-07T10:59:44","modified_gmt":"2018-08-07T08:59:44","slug":"altra-edizione-di-successo-per-albenga-dreams","status":"publish","type":"post","link":"https:\/\/staging.ivg.it\/2018\/08\/altra-edizione-di-successo-per-albenga-dreams\/","title":{"rendered":"Altra edizione di successo per &#8220;Albenga Dreams&#8221;"},"content":{"rendered":"<p><strong>Albenga.<\/strong> Si \u00e8 svolta questo weekend la quarta edizione di Albenga Dreams, manifestazione ingauna dedicata al fumetto, al cosplay, al gioco e all&#8217;intrattenimento di genere.<\/p>\n<p>L&#8217;edizione del 4-5 agosto 2018 ha avuto un valore sperimentale, per l&#8217;impiego delle aree di Piazza Corridoni e Piazza Europa, che raramente hanno accolto eventi di tale portata.<\/p>\n<p>L&#8217;esperimento \u00e8 da considerarsi un totale successo, vista l&#8217;affluenza di pubblico in linea con quella delle precedenti edizioni svoltesi nel Centro Storico, con un picco di presenze attorno a 5.000 visitatori.<\/p>\n<p>&#8220;L&#8217;Associazione Culturale Governo Ombra desidera ringraziare tutti coloro che hanno reso possibile questo risultato: il Comune di Albenga e in particolare l&#8217;Assessorato al Turismo, gli sponsor, i partner organizzativi che hanno aiutato l&#8217;associazione a lanciare formule nuove per le aree dell&#8217;evento dedicate al cosplay, al fumetto, al gioco e allo street food. Si ringraziano inoltre i numerosi espositori: sia coloro che hanno confermato il loro sostegno alla manifestazione partecipando per molti anni consecutivi sia coloro che hanno partecipato per la prima volta; un doveroso grazie anche agli artisti che si sono esibiti sul palco e ai gruppi a tema che hanno animato le piazze&#8221;.<\/p>\n<p>&#8220;Il ringraziamento pi\u00f9 sentito va inoltre ai volontari che hanno partecipato all&#8217;allestimento e a tutti gli spettatori dell&#8217;evento, un pubblico numeroso ed eterogeneo formato da residenti di Albenga e della provincia di Savona, e da turisti presenti in Riviera per le vacanze o giunti apposta per Albenga Dreams: \u00e8 solo grazie a questa presenza se Governo Ombra pu\u00f2 dire che le fatiche e le difficolt\u00e0 affrontate per allestire  questa edizione sono state ripagate dal successo&#8221; concludono gli organizzatori.<\/p>\n","protected":false},"excerpt":{"rendered":"<p>Quest&#8217;anno l&#8217;evento in Piazza Corridoni e Piazza Europa: 5 mila visitatori<\/p>\n","protected":false},"author":4,"featured_media":0,"comment_status":"open","ping_status":"closed","sticky":false,"template":"","format":"standard","meta":{"footnotes":""},"categories":[56],"tags":[74876],"class_list":["post-445135","post","type-post","status-publish","format-standard","hentry","category-altre","tag-albenga-dreams","post_cat_citta-albenga"],"amp_validity":null,"amp_enabled":true,"_links":{"self":[{"href":"https:\/\/staging.ivg.it\/ediapi\/wp\/v2\/posts\/445135","targetHints":{"allow":["GET"]}}],"collection":[{"href":"https:\/\/staging.ivg.it\/ediapi\/wp\/v2\/posts"}],"about":[{"href":"https:\/\/staging.ivg.it\/ediapi\/wp\/v2\/types\/post"}],"author":[{"embeddable":true,"href":"https:\/\/staging.ivg.it\/ediapi\/wp\/v2\/users\/4"}],"replies":[{"embeddable":true,"href":"https:\/\/staging.ivg.it\/ediapi\/wp\/v2\/comments?post=445135"}],"version-history":[{"count":0,"href":"https:\/\/staging.ivg.it\/ediapi\/wp\/v2\/posts\/445135\/revisions"}],"wp:attachment":[{"href":"https:\/\/staging.ivg.it\/ediapi\/wp\/v2\/media?parent=445135"}],"wp:term":[{"taxonomy":"category","embeddable":true,"href":"https:\/\/staging.ivg.it\/ediapi\/wp\/v2\/categories?post=445135"},{"taxonomy":"post_tag","embeddable":true,"href":"https:\/\/staging.ivg.it\/ediapi\/wp\/v2\/tags?post=445135"}],"curies":[{"name":"wp","href":"https:\/\/api.w.org\/{rel}","templated":true}]}}