{"id":444937,"date":"2018-08-03T18:37:39","date_gmt":"2018-08-03T16:37:39","guid":{"rendered":"http:\/\/www.ivg.it\/?p=444937"},"modified":"2018-08-04T10:54:57","modified_gmt":"2018-08-04T08:54:57","slug":"sincro-agli-europei-la-prima-medaglia-azzurra-e-tutta-savonese-bronzo-per-linda-cerruti-e-costanza-ferro","status":"publish","type":"post","link":"https:\/\/staging.ivg.it\/2018\/08\/sincro-agli-europei-la-prima-medaglia-azzurra-e-tutta-savonese-bronzo-per-linda-cerruti-e-costanza-ferro\/","title":{"rendered":"Sincro, agli Europei la prima medaglia azzurra \u00e8 tutta savonese: bronzo per Linda Cerruti e Costanza Ferro"},"content":{"rendered":"<p><strong>Savona. La prima medaglia conquistata dall\u2019Italia ai campionati europei di Glasgow \u00e8 tutta targata Rari Nantes Savona.<\/strong> Le sincronette azzurre savonesi,<strong> Linda Cerruti e Costanza Ferro, hanno ottenuto la medaglia di bronzo nella finale del Duo tecnico con 89.7519, punti<\/strong> confermando il terzo posto di Londra 2016 ma <strong>con un punteggio decisamente maggiore.<\/strong><\/p>\n<p>Linda Cerruti e Costanza Ferro hanno gli occhi lucidi, bagnati dall&#8217;acqua e dall&#8217;emozione, quando accolgono il punteggio della giuria.<strong> \u00c8 la loro seconda medaglia di bronzo consecutiva, la venticinquesima italiana nella storia dei campionati continentali.<\/strong> Sette, invece, sono quelle d&#8217;argento conquistate finora dal sincro azzurro nella storia degli Europei.<\/p>\n<p>Nella piscina temporanea montata per l&#8217;occasione all&#8217;interno del Scotstoun Sports Camp di Danes Drive a Glasgow <strong>nuotano sulle note del concerto per archi di violino e bassi di Leonard Bernstein,<\/strong> compositore, pianista e direttore d&#8217;orchestra newyorkese, morto nel 1990 all&#8217;et\u00e0 di 71 anni, che nella sua lunga e brillante carriera ha ricevuto molteplici riconoscimenti, tra i quali quello di presidente onorario dell&#8217;Accademia di Santa Cecilia di Roma e membro dell&#8217;American Academy of Arts and Sciences negli anni &#8217;50.<\/p>\n<p>&#8220;<strong>\u00c8 un bronzo come due anni fa, un po&#8217; pi\u00f9 sudato perch\u00e9 nel libero della squadra abbiamo chiuso al quarto posto dietro alla Spagna e si sa che \u00e8 difficile recuperare posizioni seppur in esercizi diversi<\/strong> &#8211; afferma<strong> Cerruti<\/strong> &#8211; Siamo molto contente anche perch\u00e9 le sensazioni provate in acqua stamattina non erano delle migliori e volevamo rifarci e dimostrare che non eravamo cos\u00ec come avevamo mostrato poco prima. <strong>Ci confermiamo terze a livello europeo, ma scaliamo una posizione considerato il ranking del mondiale della scorsa estate. Abbiamo tante gare da disputare e tanti obiettivi da raggiungere. Siamo appena all&#8217;inizio<\/strong>\u201d.<\/p>\n<p>\u201c<strong>Appena finito l&#8217;esercizio a squadre ci siamo guardate con il medesimo obiettivo: nuotare meglio nel duo e prenderci la medaglia. Ce l\u2019abbiamo messa davvero tutta e siamo contentissime<\/strong> &#8211; continua<strong> Ferro<\/strong> -. Primo giorno, prima medaglia. Ora pensiamo gi\u00e0 alle prossime gare con il preliminare del libero e la finale a squadra.<strong> Cercheremo di mostrare chi siamo veramente e riprenderci il podio partendo dal quarto posto delle eliminatorie<\/strong>&#8220;.<\/p>\n<p><strong>La medaglia d\u2019oro \u00e8 andata alla coppia russa Svetlana Kolesnichenko e Varvara Subbotina con 95.1035 punti,<\/strong> mentre<strong> l\u2019argento \u00e8 stato raggiunto dal duo ucraino Anastasiya Savchuk e Yelizaveta Yakhno con 92.6188 punti.<\/strong><\/p>\n<p>Subito dopo il bronzo di Linda e Costanza, a completare nel modo migliore la giornata, \u00e8 arrivato l\u2019argento del doppio misto con Giorgio Minisini e Manila Flamini.<\/p>\n<p>Quindi un\u2019ottima partenza per il<strong> nuoto sincronizzato italiano guidato dal ct savonese Patrizia Giallombardo<\/strong>.<\/p>\n<div class=\"single-img-content-container fullwidth-single shortcode standard\">\n    <div class=\"image_container\" style=\"text-align: center;\">\n        <picture class=\" lazyload\"><img loading=\"lazy\" class=\"lazy\" data-srcset=\"https:\/\/www.ivg.it\/photogallery_new\/images\/2018\/08\/inda-e-costi-bronzo-europei-484444.jpg 1024w, https:\/\/www.ivg.it\/photogallery_new\/images\/2018\/08\/inda-e-costi-bronzo-europei-484444.jpg 970w, https:\/\/www.ivg.it\/photogallery_new\/images\/2018\/08\/inda-e-costi-bronzo-europei-484444.jpg 660w, https:\/\/www.ivg.it\/photogallery_new\/images\/2018\/08\/inda-e-costi-bronzo-europei-484444.jpg 316w, https:\/\/www.ivg.it\/photogallery_new\/images\/2018\/08\/inda-e-costi-bronzo-europei-484444.jpg 150w\"  data-src=\"https:\/\/www.ivg.it\/photogallery_new\/images\/2018\/08\/inda-e-costi-bronzo-europei-484444.jpg\" alt=\"inda e costi bronzo europei.\" \/><\/picture>\r\n\n    <\/div>\n    <\/div>\n\n","protected":false},"excerpt":{"rendered":"<p>Il Duo italiano replica il piazzamento della scorsa edizione, migliorando nettamente il punteggio<\/p>\n","protected":false},"author":18,"featured_media":0,"comment_status":"open","ping_status":"closed","sticky":false,"template":"","format":"standard","meta":{"footnotes":""},"categories":[45296,32,47714],"tags":[12098,1768,165],"class_list":["post-444937","post","type-post","status-publish","format-standard","hentry","category-copertina","category-sport","category-pallanuoto-sport","tag-campionati-europei","tag-nuoto-sincronizzato","tag-rari-nantes-savona","post_cat_citta-noli","post_cat_citta-savona","post_tag_personaggi-costanza-ferro","post_tag_personaggi-linda-cerruti"],"amp_validity":null,"amp_enabled":true,"_links":{"self":[{"href":"https:\/\/staging.ivg.it\/ediapi\/wp\/v2\/posts\/444937","targetHints":{"allow":["GET"]}}],"collection":[{"href":"https:\/\/staging.ivg.it\/ediapi\/wp\/v2\/posts"}],"about":[{"href":"https:\/\/staging.ivg.it\/ediapi\/wp\/v2\/types\/post"}],"author":[{"embeddable":true,"href":"https:\/\/staging.ivg.it\/ediapi\/wp\/v2\/users\/18"}],"replies":[{"embeddable":true,"href":"https:\/\/staging.ivg.it\/ediapi\/wp\/v2\/comments?post=444937"}],"version-history":[{"count":0,"href":"https:\/\/staging.ivg.it\/ediapi\/wp\/v2\/posts\/444937\/revisions"}],"wp:attachment":[{"href":"https:\/\/staging.ivg.it\/ediapi\/wp\/v2\/media?parent=444937"}],"wp:term":[{"taxonomy":"category","embeddable":true,"href":"https:\/\/staging.ivg.it\/ediapi\/wp\/v2\/categories?post=444937"},{"taxonomy":"post_tag","embeddable":true,"href":"https:\/\/staging.ivg.it\/ediapi\/wp\/v2\/tags?post=444937"}],"curies":[{"name":"wp","href":"https:\/\/api.w.org\/{rel}","templated":true}]}}