{"id":444357,"date":"2018-07-28T09:59:32","date_gmt":"2018-07-28T07:59:32","guid":{"rendered":"http:\/\/www.ivg.it\/?p=444357"},"modified":"2018-07-28T09:59:32","modified_gmt":"2018-07-28T07:59:32","slug":"ceriale-sanna-accusa-concerto-di-antonella-ruggiero-annullato-perche-i-negozianti-volevano-eventi-gratuiti","status":"publish","type":"post","link":"https:\/\/staging.ivg.it\/2018\/07\/ceriale-sanna-accusa-concerto-di-antonella-ruggiero-annullato-perche-i-negozianti-volevano-eventi-gratuiti\/","title":{"rendered":"Ceriale, Sanna accusa: &#8220;Concerto di Antonella Ruggiero annullato perch\u00e8 i negozianti volevano eventi gratuiti&#8221;"},"content":{"rendered":"<p><strong>Ceriale.<\/strong> &#8220;Eventi che scompaiono, eventi organizzati che non sono citati nelle locandine e nelle brochure, quest&#8217;anno a Ceriale per quanto riguarda le manifestazioni c&#8217;\u00e8 una confusione mai vista prima&#8221;. E&#8217; l&#8217;accusa di Rodolfo Sanna, del Meetup Ceriale in MoVimento.<\/p>\n<p>&#8220;Pessimo esordio per questa amministrazione relativamente alle manifestazioni &#8211; tuona Sanna &#8211; se \u00e8 vero che il bando \u00e8 stato eseguito alla fine del mandato della precedente amministrazione, le modifiche in corsa effettuate dai neo-eletti hanno creato una confusione ed un danno da mancato ritorno di immagine disarmanti. Il concertone di Antonella Ruggiero che doveva essere l&#8217;evento clou di questa stagione si far\u00e0 o non si far\u00e0? Ovviamente non si far\u00e0 \u00e8 stato cancellato, anche se nella locandina sul sito del Comune di Ceriale, raggiungibile dalla sezione &#8220;News&#8221; \u00e8 ancora presente&#8221;.<\/p>\n<p>&#8220;Le motivazioni dell&#8217;annullamento? Per conoscerle \u00e8 indispensabile fare un accesso agli atti &#8211; svela &#8211; della trasparenza tanto sbandierata in campagna elettorale non ne \u00e8 rimasto nulla, solo proclami da campagna elettorale per accaparrarsi dei voti. Nulla esce dal palazzo se non grazie agli strumenti di trasparenza e partecipazione introdotti dalla legge nazionale. Nessun comunicato, nessura ristampa delle brochure, un&#8217;organizzazione allo sbando&#8221;.<\/p>\n<p>&#8220;Il concerto di Antonella Ruggiero non si far\u00e0 non per problemi di &#8216;sicurezza&#8217; come annunciato dal proprio sito e dalla propria pagina Facebook della cantante &#8211; insiste Sanna &#8211; ma perch\u00e9 i commercianti della piazza lamentavano che durante gli spettacoli a pagamento la gente non entra nei locali a consumare. Cos\u00ec l&#8217;assessore Maineri ha deciso insieme a loro ed al resto della giunta comunale di preferire tre eventi gratuiti in cambio di un nome di spicco quale Antonella Ruggiero. Ci sfugge innanzitutto l&#8217;interesse pubblico dietro questa scelta e le motivazioni che spingono a coinvolgere solo un numero ristrettissimo di commercianti e soprattutto di cittadini in tali decisioni: forse il calendario delle manifestazioni era oggetto di un &#8216;do ut des&#8217; pre-elettorale con taluni soggetti?&#8221;.<\/p>\n<p>&#8220;Fatto sta che il danno da mancato ritorno di immagine \u00e8 incommensurabile &#8211; lamenta l&#8217;esponente del Meetup &#8211; un nome di spicco quale \u00e8 Antonella Ruggiero avrebbe avuto un impatto mediatico e conseguente ritorno di immagine che non avverr\u00e0 assolutamente con i Betta Blues Society poich\u00e9 non sono paragonabili a livello di notoriet\u00e0 alla Ruggiero. Inoltre tale band non rientra nella categoria, prevista dal bando per i due &#8216;concertoni&#8217;, di cantanti originali di livello nazionale degli anni &#8217;80\/&#8217;90\/2000 poich\u00e9 gruppo nato nel 2009 ed il loro primo album risale al 2011, quindi pare non soddisfino neanche i requisiti richiesti nel bando per poter sostituire il concerto di Antonella Ruggiero&#8221;.<\/p>\n<p>&#8220;E&#8217; deludente constatare che si \u00e8 scelto di preferire qualche interesse privato a scapito dell&#8217;interesse pubblico a cui tutti gli atti di una pubblica amministrazione si dovrebbero ispirare, poich\u00e8 \u00e8 evidente che con queste modifiche al calendario delle manifestazioni si \u00e8 recato un danno da mancato ritorno di immagine per Ceriale. E meno male che &#8216;l&#8217;aria \u00e8 cambiata&#8217;&#8230;&#8221; conclude Sanna.<\/p>\n","protected":false},"excerpt":{"rendered":"<p>Secondo l&#8217;esponente del Meetup &#8220;I commercianti della piazza lamentavano che durante gli spettacoli a pagamento la gente non entra nei locali a consumare&#8221;<\/p>\n","protected":false},"author":10593,"featured_media":0,"comment_status":"open","ping_status":"closed","sticky":false,"template":"","format":"standard","meta":{"footnotes":""},"categories":[45296,31],"tags":[91341],"class_list":["post-444357","post","type-post","status-publish","format-standard","hentry","category-copertina","category-politica","tag-ceriale-in-movimento","post_cat_citta-ceriale","post_tag_personaggi-antonella-ruggiero","post_tag_personaggi-rodolfo-sanna"],"amp_validity":null,"amp_enabled":true,"_links":{"self":[{"href":"https:\/\/staging.ivg.it\/ediapi\/wp\/v2\/posts\/444357","targetHints":{"allow":["GET"]}}],"collection":[{"href":"https:\/\/staging.ivg.it\/ediapi\/wp\/v2\/posts"}],"about":[{"href":"https:\/\/staging.ivg.it\/ediapi\/wp\/v2\/types\/post"}],"author":[{"embeddable":true,"href":"https:\/\/staging.ivg.it\/ediapi\/wp\/v2\/users\/10593"}],"replies":[{"embeddable":true,"href":"https:\/\/staging.ivg.it\/ediapi\/wp\/v2\/comments?post=444357"}],"version-history":[{"count":0,"href":"https:\/\/staging.ivg.it\/ediapi\/wp\/v2\/posts\/444357\/revisions"}],"wp:attachment":[{"href":"https:\/\/staging.ivg.it\/ediapi\/wp\/v2\/media?parent=444357"}],"wp:term":[{"taxonomy":"category","embeddable":true,"href":"https:\/\/staging.ivg.it\/ediapi\/wp\/v2\/categories?post=444357"},{"taxonomy":"post_tag","embeddable":true,"href":"https:\/\/staging.ivg.it\/ediapi\/wp\/v2\/tags?post=444357"}],"curies":[{"name":"wp","href":"https:\/\/api.w.org\/{rel}","templated":true}]}}