{"id":444237,"date":"2018-07-26T17:38:41","date_gmt":"2018-07-26T15:38:41","guid":{"rendered":"http:\/\/www.ivg.it\/?p=444237"},"modified":"2018-07-26T17:56:30","modified_gmt":"2018-07-26T15:56:30","slug":"master-class-e-concerto-lirico-alla-basilica-di-san-nicolo","status":"publish","type":"post","link":"https:\/\/staging.ivg.it\/2018\/07\/master-class-e-concerto-lirico-alla-basilica-di-san-nicolo\/","title":{"rendered":"Master class e concerto lirico alla Basilica di San Nicol\u00f2"},"content":{"rendered":"<p><strong>Pietra Ligure. <\/strong>Questo \u00e8 il secondo anno in cui a Pietra Ligure si svolge una master class di canto lirico, tenuta da Mario Cararra e dal soprano Silvia Mapelli, entrambi del teatro &#8220;Alla Scala&#8221; di Milano. Quest&#8217;anno saranno presenti 12 giovani studenti di varie nazionalit\u00e0.<\/p>\n<p>Oggetto \u00e8 lo studio della musica lirica, con la lettura e l&#8217;interpretazione di brani tratti dalle opere della nostra tradizione operistica; in particolare, verranno studiate le tecniche di emissione vocale.<\/p>\n<p>Il corso culmina, come ogni anno, col concerto finale degli studenti nella basilica di San Nicol\u00f2, sabato 28 luglio, alle ore 21:00. Verranno eseguiti brani,  romanze, arie e duetti, tratti dalle opere liriche del melodramma italiano.<\/p>\n<p>L&#8217;ingresso \u00e8 libero, ad &#8220;offerta&#8221;, e l&#8217;intero ricavato sar\u00e0 devoluto alla Parrocchia di San Nicol\u00f2, dove si \u00e8 tenuto il corso.<\/p>\n<p>\u201cRingraziamo il parroco, Mons. Ennio Bezzone, che si \u00e8, ancora una volta, dimostrato vero &#8220;mecenate&#8221; della cultura, della musica e dell&#8217;arte\u201d afferma Mario Carrara.<\/p>\n","protected":false},"excerpt":{"rendered":"<p>L&#8217;appuntamento \u00e8 sabato alle ore 21:00<\/p>\n","protected":false},"author":4,"featured_media":0,"comment_status":"open","ping_status":"closed","sticky":false,"template":"","format":"standard","meta":{"footnotes":""},"categories":[56],"tags":[45333,15630,1704],"class_list":["post-444237","post","type-post","status-publish","format-standard","hentry","category-altre","tag-basilica-san-nicolo","tag-concerto-lirico","tag-lirica","post_cat_citta-pietra-ligure","post_tag_personaggi-mario-carrara"],"amp_validity":null,"amp_enabled":true,"_links":{"self":[{"href":"https:\/\/staging.ivg.it\/ediapi\/wp\/v2\/posts\/444237","targetHints":{"allow":["GET"]}}],"collection":[{"href":"https:\/\/staging.ivg.it\/ediapi\/wp\/v2\/posts"}],"about":[{"href":"https:\/\/staging.ivg.it\/ediapi\/wp\/v2\/types\/post"}],"author":[{"embeddable":true,"href":"https:\/\/staging.ivg.it\/ediapi\/wp\/v2\/users\/4"}],"replies":[{"embeddable":true,"href":"https:\/\/staging.ivg.it\/ediapi\/wp\/v2\/comments?post=444237"}],"version-history":[{"count":0,"href":"https:\/\/staging.ivg.it\/ediapi\/wp\/v2\/posts\/444237\/revisions"}],"wp:attachment":[{"href":"https:\/\/staging.ivg.it\/ediapi\/wp\/v2\/media?parent=444237"}],"wp:term":[{"taxonomy":"category","embeddable":true,"href":"https:\/\/staging.ivg.it\/ediapi\/wp\/v2\/categories?post=444237"},{"taxonomy":"post_tag","embeddable":true,"href":"https:\/\/staging.ivg.it\/ediapi\/wp\/v2\/tags?post=444237"}],"curies":[{"name":"wp","href":"https:\/\/api.w.org\/{rel}","templated":true}]}}