{"id":443854,"date":"2018-07-23T13:26:21","date_gmt":"2018-07-23T11:26:21","guid":{"rendered":"http:\/\/www.ivg.it\/?p=443854"},"modified":"2018-07-23T13:26:21","modified_gmt":"2018-07-23T11:26:21","slug":"gaia-gavarone-estate-tra-allenamenti-e-relax-verso-unaltra-stagione-a-tinte-azzurre","status":"publish","type":"post","link":"https:\/\/staging.ivg.it\/2018\/07\/gaia-gavarone-estate-tra-allenamenti-e-relax-verso-unaltra-stagione-a-tinte-azzurre\/","title":{"rendered":"Gaia Gavarone, estate tra allenamenti e relax verso un&#8217;altra stagione a tinte azzurre"},"content":{"rendered":"<p><strong>Savona.<\/strong> Mare, montagna o&#8230; tatami. La scelta di <strong>Gaia Gavarone,<\/strong> savonese giovane<strong> promessa del taekwondo italiano,<\/strong> \u00e8 scontata. Tra un bagno e l&#8217;altro, le sue giornate sono dedicate all&#8217;allenamento, <strong>in vista della prossima stagione agonistica,<\/strong> in partenza a settembre.<\/p>\n<p><strong>Nell&#8217;anno appena concluso, Gaia, in forza all&#8217;Olimpia Savona, ha ottenuto grandissimi risultati:<\/strong> campionessa italiana a Olbia a marzo, terza classificata in coppa Italia, si \u00e8 guadagnata il diritto di rappresentare l&#8217;Italia ai Mondiali di categoria, disputati ad aprile ad Hammamet. <strong>Il suo nome \u00e8 ormai stabilmente inserito nei taccuini del direttore tecnico azzurro Claudio Nolano<\/strong>, che l&#8217;ha voluta con s\u00e9 in occasione dello stage di preparazione in programma al Centro olimpico Giulio Onesti di Roma.<\/p>\n<p><strong>Gaia, tra mare e montagna ha scelto la palestra. Ci parli della sua estate &#8220;alternativa&#8221;?<\/strong><br \/>\n&#8220;Il taekwondo fa parte della mia vita, \u00e8 la mia passione e non \u00e8 un sacrificio &#8216;portarla con me&#8217; anche in estate. Amo stare fuori con i miei amici, soprattutto in questo periodo, andare a ballare con loro e rilassarmi in spiaggia. Ma so anche che la prossima stagione agonistica sar\u00e0 molto importante per me, per cui gestisco i miei impegni anche in funzione degli allenamenti, rinunciando alle serata fuori se al mattino presto ho in programma una sessione in palestra&#8221;.<\/p>\n<p><strong>Ha da poco concluso uno stage con la Nazionale italiana al centro di preparazione Giulio Onesti di Roma. Una conferma, per lei, dopo le convocazioni della scorsa primavera e la partecipazione ai Mondiali di categoria in aprile. Si pu\u00f2 dire che sia entrata nei radar del direttore tecnico Nolano.<\/strong><br \/>\n&#8220;Per ora non mi monto la testa e vivo con i piedi per terra. Ogni convocazione la vivo come l&#8217;occasione per imparare nuove cose e per arricchire la mia esperienza&#8221;.<\/p>\n<p><strong>Lo scorso 14 luglio ha festeggiato 17 anni, qual \u00e8 stato il desiderio espresso soffiando le candeline?<\/strong><br \/>\n&#8220;Il mio desiderio \u00e8 quello di vivere ancora le grandi emozioni che lo sport mi ha regalato in questi anni. Vestire la tuta dell&#8217;Italia alla cerimonia inaugurale dei campionati mondiali Juniores in Tunisia \u00e8 stato magico, provare ancora quel brivido \u00e8 ci\u00f2 che mi auguro per il futuro&#8221;.<\/p>\n<p><strong>Oltre allo sport, la scuola. A settembre frequenter\u00e0 il quarto anno anno presso la scuola tecnico industriale Itis di indirizzo chimico. Come riesce a far convivere studio e sport?<\/strong><br \/>\n&#8220;Non \u00e8 facile, lo ammetto, e a volte ti ritrovi a ripassare la lezione di storia seduta sulle gradinate di un palazzetto, ma va bene cos\u00ec. fortunatamente i miei professori sono molto comprensivi con i miei impegni fuori dalla scuola, anzi, sono i miei primi tifosi!&#8221;.<\/p>\n<p><em>Nella foto:<\/em> Gaia Gavarone al centro di preparazione Giulio Onesti, sede della Fita, la Federazione Italiana Taekwondo.<\/p>\n","protected":false},"excerpt":{"rendered":"<p>La promessa savonese del taekwondo ha da poco concluso uno stage con la Nazionale<\/p>\n","protected":false},"author":18,"featured_media":0,"comment_status":"open","ping_status":"closed","sticky":false,"template":"","format":"standard","meta":{"footnotes":""},"categories":[45296,42377,32],"tags":[6394,6395],"class_list":["post-443854","post","type-post","status-publish","format-standard","hentry","category-copertina","category-altri-sport","category-sport","tag-olimpia-savona","tag-taekwondo","post_cat_citta-savona","post_tag_personaggi-gaia-gavarone"],"amp_validity":null,"amp_enabled":true,"_links":{"self":[{"href":"https:\/\/staging.ivg.it\/ediapi\/wp\/v2\/posts\/443854","targetHints":{"allow":["GET"]}}],"collection":[{"href":"https:\/\/staging.ivg.it\/ediapi\/wp\/v2\/posts"}],"about":[{"href":"https:\/\/staging.ivg.it\/ediapi\/wp\/v2\/types\/post"}],"author":[{"embeddable":true,"href":"https:\/\/staging.ivg.it\/ediapi\/wp\/v2\/users\/18"}],"replies":[{"embeddable":true,"href":"https:\/\/staging.ivg.it\/ediapi\/wp\/v2\/comments?post=443854"}],"version-history":[{"count":0,"href":"https:\/\/staging.ivg.it\/ediapi\/wp\/v2\/posts\/443854\/revisions"}],"wp:attachment":[{"href":"https:\/\/staging.ivg.it\/ediapi\/wp\/v2\/media?parent=443854"}],"wp:term":[{"taxonomy":"category","embeddable":true,"href":"https:\/\/staging.ivg.it\/ediapi\/wp\/v2\/categories?post=443854"},{"taxonomy":"post_tag","embeddable":true,"href":"https:\/\/staging.ivg.it\/ediapi\/wp\/v2\/tags?post=443854"}],"curies":[{"name":"wp","href":"https:\/\/api.w.org\/{rel}","templated":true}]}}