{"id":443130,"date":"2018-07-16T10:51:00","date_gmt":"2018-07-16T08:51:00","guid":{"rendered":"http:\/\/www.ivg.it\/?p=443130"},"modified":"2018-07-16T12:04:28","modified_gmt":"2018-07-16T10:04:28","slug":"albenga-piange-la-scomparsa-bruno-morando-partigiano-garibaldi","status":"publish","type":"post","link":"https:\/\/staging.ivg.it\/2018\/07\/albenga-piange-la-scomparsa-bruno-morando-partigiano-garibaldi\/","title":{"rendered":"L&#8217;albenganese piange la scomparsa di Bruno Morando, il partigiano &#8220;Garibaldi&#8221;"},"content":{"rendered":"<p><strong>Albenga <\/strong>piange la scomparsa di uno dei pochi sopravvissuti e protagonisti dell\u2019epoca della Resistenza: Bruno Morando, il partigiano \u201cGaribaldi\u201d.<br \/>\nNella lotta di Liberazione fu attivo nel distaccamento \u201cMarco Agnese\u201d che oper\u00f2 a san Damiano, nella zona di Stellanello: nel corso della sua vita \u00e8 stato infaticabile protagonista di tante attivit\u00e0 antifasciste.<\/p>\n<p>\u201cCi lascia uno dei pochi sopravvissuti all&#8217;epopea Resistenziale, presenta attiva nella testimonianza dei valori costituzionali fino alla sua morte: ricordiamo con commozione le sue numerose testimonianze, tra cui quella custodita presso l&#8217;Istituto Alcide Cervi di Gattico\u201d ricorda l\u2019associazione \u201cFischia il Vento\u201d e il suo presidente Giuliano Arnaldi.<\/p>\n<p>Bruno Morando lascia i figli Enzo e Dino, quest&#8217;ultimo ex presidente dell&#8217;ANPI di Ceriale, e gli amati nipoti. \u201cCi stringiamo a loro con affetto, parteciperemo con le nostre Bandiere ai funerali che si terranno mercoled\u00ec 18 alle ore 17 presso la Chiesa Parrocchiale di Garlenda\u201d conclude il presidente dell\u2019associazione culturale.<\/p>\n","protected":false},"excerpt":{"rendered":"<p>Protagonista di tante battaglie antifasciste ed ex presidente dell&#8217;Anpi di Ceriale<\/p>\n","protected":false},"author":4,"featured_media":0,"comment_status":"open","ping_status":"closed","sticky":false,"template":"","format":"standard","meta":{"footnotes":""},"categories":[45296,34],"tags":[8760,470],"class_list":["post-443130","post","type-post","status-publish","format-standard","hentry","category-copertina","category-cronaca","tag-fischia-il-vento","tag-resistenza","post_cat_citta-albenga","post_tag_personaggi-bruno-morando"],"amp_validity":null,"amp_enabled":true,"_links":{"self":[{"href":"https:\/\/staging.ivg.it\/ediapi\/wp\/v2\/posts\/443130","targetHints":{"allow":["GET"]}}],"collection":[{"href":"https:\/\/staging.ivg.it\/ediapi\/wp\/v2\/posts"}],"about":[{"href":"https:\/\/staging.ivg.it\/ediapi\/wp\/v2\/types\/post"}],"author":[{"embeddable":true,"href":"https:\/\/staging.ivg.it\/ediapi\/wp\/v2\/users\/4"}],"replies":[{"embeddable":true,"href":"https:\/\/staging.ivg.it\/ediapi\/wp\/v2\/comments?post=443130"}],"version-history":[{"count":0,"href":"https:\/\/staging.ivg.it\/ediapi\/wp\/v2\/posts\/443130\/revisions"}],"wp:attachment":[{"href":"https:\/\/staging.ivg.it\/ediapi\/wp\/v2\/media?parent=443130"}],"wp:term":[{"taxonomy":"category","embeddable":true,"href":"https:\/\/staging.ivg.it\/ediapi\/wp\/v2\/categories?post=443130"},{"taxonomy":"post_tag","embeddable":true,"href":"https:\/\/staging.ivg.it\/ediapi\/wp\/v2\/tags?post=443130"}],"curies":[{"name":"wp","href":"https:\/\/api.w.org\/{rel}","templated":true}]}}