{"id":442284,"date":"2018-07-06T13:27:26","date_gmt":"2018-07-06T11:27:26","guid":{"rendered":"http:\/\/www.ivg.it\/?p=442284"},"modified":"2018-07-06T13:47:50","modified_gmt":"2018-07-06T11:47:50","slug":"aurelia-bis-melis-m5s-punge-la-regione-chiarezza-ipotesi-variante","status":"publish","type":"post","link":"https:\/\/staging.ivg.it\/2018\/07\/aurelia-bis-melis-m5s-punge-la-regione-chiarezza-ipotesi-variante\/","title":{"rendered":"Aurelia Bis, Melis (M5S) punge la Regione: &#8220;Fare chiarezza su ipotesi di variante&#8221;"},"content":{"rendered":"<p><strong>Savona\/Albissola M.<\/strong> &#8220;Quale lo stato dell&#8217;arte dei lavori dell&#8217;Aurelia bis? Esistono, ad oggi, progetti in essere per possibili varianti pi\u00f9 o meno grandi? Ci sono prospettive o meno di continuazione dell&#8217;opera, dal momento che il progetto originale prevedeva anche altri lotti?&#8221;.<\/p>\n<p>Lo chiede il consigliere regionale del MoVimento 5 Stelle Andrea Melis con un&#8217;interrogazione depositata in questi giorni in Regione.<\/p>\n<p>&#8220;Il traffico nel levante savonese rappresenta un problema cronico che merita una riflessione seria e soluzioni efficaci e sostenibili. Ferma restando la necessit\u00e0 di spostare il pi\u00f9 possibile il traffico su rotaia, l&#8217;Aurelia bis, pur tra molteplici criticit\u00e0, esiste e deve essere messa in condizione di funzionare al meglio per scaricare il traffico dalla costa &#8211; chiarisce il portavoce regionale &#8211; A questo proposito, Regione Liguria faccia chiarezza una volta per tutte quali siano gli interventi effettivamente presi in carico per possibili varianti&#8221;. <\/p>\n<p>&#8220;In particolare, chiediamo all&#8217;assessore competente se \u00e8 vero, come \u00e8 emerso da recenti notizie di stampa, che Regione \u00e8 in possesso di un progetto preliminare redatto dalla propria agenzia I.R.E., e finanziato completamente da Anas, per trasferire il casello albisolese e congiungerlo con l&#8217;Aurelia bis.&#8221;<\/p>\n","protected":false},"excerpt":{"rendered":"<p>Depositata in questi giorni una interrogazione del consigliere regionale M5S<\/p>\n","protected":false},"author":4,"featured_media":0,"comment_status":"open","ping_status":"closed","sticky":false,"template":"","format":"standard","meta":{"footnotes":""},"categories":[35,31],"tags":[897,54538,44585],"class_list":["post-442284","post","type-post","status-publish","format-standard","hentry","category-economia","category-politica","tag-aurelia-bis","tag-aurelia-bis-savona","tag-m5s","post_cat_citta-albisola-superiore","post_cat_citta-albissola-marina","post_cat_citta-savona","post_tag_personaggi-andrea-melis"],"amp_validity":null,"amp_enabled":true,"_links":{"self":[{"href":"https:\/\/staging.ivg.it\/ediapi\/wp\/v2\/posts\/442284","targetHints":{"allow":["GET"]}}],"collection":[{"href":"https:\/\/staging.ivg.it\/ediapi\/wp\/v2\/posts"}],"about":[{"href":"https:\/\/staging.ivg.it\/ediapi\/wp\/v2\/types\/post"}],"author":[{"embeddable":true,"href":"https:\/\/staging.ivg.it\/ediapi\/wp\/v2\/users\/4"}],"replies":[{"embeddable":true,"href":"https:\/\/staging.ivg.it\/ediapi\/wp\/v2\/comments?post=442284"}],"version-history":[{"count":0,"href":"https:\/\/staging.ivg.it\/ediapi\/wp\/v2\/posts\/442284\/revisions"}],"wp:attachment":[{"href":"https:\/\/staging.ivg.it\/ediapi\/wp\/v2\/media?parent=442284"}],"wp:term":[{"taxonomy":"category","embeddable":true,"href":"https:\/\/staging.ivg.it\/ediapi\/wp\/v2\/categories?post=442284"},{"taxonomy":"post_tag","embeddable":true,"href":"https:\/\/staging.ivg.it\/ediapi\/wp\/v2\/tags?post=442284"}],"curies":[{"name":"wp","href":"https:\/\/api.w.org\/{rel}","templated":true}]}}