{"id":442264,"date":"2018-07-06T11:02:55","date_gmt":"2018-07-06T09:02:55","guid":{"rendered":"http:\/\/www.ivg.it\/?p=442264"},"modified":"2018-07-06T11:02:55","modified_gmt":"2018-07-06T09:02:55","slug":"cambio-orario-lintercity-ventimiglia-consentire-corrispondenza-col-frecciarossa","status":"publish","type":"post","link":"https:\/\/staging.ivg.it\/2018\/07\/cambio-orario-lintercity-ventimiglia-consentire-corrispondenza-col-frecciarossa\/","title":{"rendered":"Cambio orario per l&#8217;Intercity da Ventimiglia per consentire corrispondenza col Frecciarossa"},"content":{"rendered":"<p><strong>Regione<\/strong>. &#8220;A seguito dell&#8217;impegno preso da Trenitalia, su richiesta di Regione Liguria, da domenica 8 luglio, sar\u00e0 introdotta una miglioria all&#8217;orario estivo, che consentir\u00e0 la corrispondenza tra l&#8217;Intercity 655 da Ventimiglia e il Frecciarossa Genova-Milano-Venezia, nella stazione di Principe&#8221;. A precisarlo \u00e8 l&#8217;assessore regionale ai trasporti Gianni Berrino.<\/p>\n<p>&#8220;Una modifica importante, anche se di pochi minuti, perch\u00e9 consentir\u00e0 l&#8217;allineamento nel sistema informatico del collegamento e quindi permetter\u00e0 a passeggeri del Ponente di prendere il Frecciarossa, rendendo pi\u00f9 veloci ed efficienti i collegamenti tra il ponente ligure e le linee internazionali ad alta velocit\u00e0&#8221; prosegue Berrino.<\/p>\n<p>&#8220;Un ottimo risultato, che va incontro alle richieste dei pendolari e alle esigenze dei turisti che passeranno le vacanze in una localit\u00e0 della Riviera dei fiori&#8221; conclude l&#8217;assessore regionale ai trasporti.<\/p>\n","protected":false},"excerpt":{"rendered":"<p>Berrino: &#8220;Un ottimo risultato, che va incontro alle richieste dei pendolari e alle esigenze dei turisti&#8221;<\/p>\n","protected":false},"author":2394,"featured_media":0,"comment_status":"open","ping_status":"closed","sticky":false,"template":"","format":"standard","meta":{"footnotes":""},"categories":[56],"tags":[40628,493],"class_list":["post-442264","post","type-post","status-publish","format-standard","hentry","category-altre","tag-frecciarossa","tag-trenitalia"],"amp_validity":null,"amp_enabled":true,"_links":{"self":[{"href":"https:\/\/staging.ivg.it\/ediapi\/wp\/v2\/posts\/442264","targetHints":{"allow":["GET"]}}],"collection":[{"href":"https:\/\/staging.ivg.it\/ediapi\/wp\/v2\/posts"}],"about":[{"href":"https:\/\/staging.ivg.it\/ediapi\/wp\/v2\/types\/post"}],"author":[{"embeddable":true,"href":"https:\/\/staging.ivg.it\/ediapi\/wp\/v2\/users\/2394"}],"replies":[{"embeddable":true,"href":"https:\/\/staging.ivg.it\/ediapi\/wp\/v2\/comments?post=442264"}],"version-history":[{"count":0,"href":"https:\/\/staging.ivg.it\/ediapi\/wp\/v2\/posts\/442264\/revisions"}],"wp:attachment":[{"href":"https:\/\/staging.ivg.it\/ediapi\/wp\/v2\/media?parent=442264"}],"wp:term":[{"taxonomy":"category","embeddable":true,"href":"https:\/\/staging.ivg.it\/ediapi\/wp\/v2\/categories?post=442264"},{"taxonomy":"post_tag","embeddable":true,"href":"https:\/\/staging.ivg.it\/ediapi\/wp\/v2\/tags?post=442264"}],"curies":[{"name":"wp","href":"https:\/\/api.w.org\/{rel}","templated":true}]}}