{"id":442262,"date":"2018-07-06T10:32:16","date_gmt":"2018-07-06T08:32:16","guid":{"rendered":"http:\/\/www.ivg.it\/?p=442262"},"modified":"2018-07-06T10:52:58","modified_gmt":"2018-07-06T08:52:58","slug":"spotorno-il-sindaco-fiorini-sul-commercio-abusivo-odio-razziale-le-minoranze-sono-allo-sbando-piu-completo","status":"publish","type":"post","link":"https:\/\/staging.ivg.it\/2018\/07\/spotorno-il-sindaco-fiorini-sul-commercio-abusivo-odio-razziale-le-minoranze-sono-allo-sbando-piu-completo\/","title":{"rendered":"Spotorno, il sindaco Fiorini sul commercio abusivo: &#8220;Odio razziale? Le minoranze sono allo sbando pi\u00f9 completo&#8221;"},"content":{"rendered":"<p><strong>Spotorno<\/strong>. &#8220;Sento il dovere di chiedere scusa a Monica Canepa. Due anni fa, quando le chiesi di candidarsi nella nostra lista le dissi tutto quello che pensavo ci saremmo trovati a fronteggiare. Ma mai avrei potuto immaginare che si sarebbe arrivati a livelli quali quello raggiunto oggi con due delle tre minoranze che si inventano per lei un\u2019accusa tanto fantasiosa quanto surreale ed ovviamente falsa di \u201cistigazione all&#8217;odio razziale\u201d. Queste le parole del sindaco di Spotorno Mattia Fiorini che ribatte con forza alle <a href=\"http:\/\/www.ivg.it\/2018\/07\/spotorno-minoranze-allattacco-dal-consigliere-canepa-dichiarazioni-istigano-allodio-razziale\/\" target=\"_blank\" rel=\"noopener\">affermazioni <\/a>dell&#8217;opposizione dopo una interpellanza sulla lotta al commercio abusivo.<\/p>\n<p>&#8220;La questione ha assunto una dimensione cos\u00ec kafkiana che l\u2019unico modo in cui si pu\u00f2 rispondere \u00e8 postare l\u2019estratto delle dichiarazioni su cui tanto si fantastica e lasciare ad ogni persona che abbia la curiosit\u00e0 di leggere la libert\u00e0 di trarre le proprie conclusioni e giudicare quello che \u00e8 successo e che si \u00e8 scritto a proposito, comprese le accuse mosse&#8221; aggiunge Fiorini.<\/p>\n<p>E il sindaco aggiunge: &#8220;L\u2019estratto fa parte di una relazione della Polizia locale che racconta le oggettive difficolt\u00e0 ad operare nella lotta contro il commercio abusivo, che insieme a Monica abbiamo deciso di fare nostra per portarla all&#8217;attenzione del Consiglio comunale: \u201c\u2026Nella giornata di domenica 13 maggio, la pattuglia della polizia locale presente sul litorale spotornese all&#8217;altezza del Palace, intercettava due venditori nordafricani, presumibilmente abusivi, i quali avvedutesi della presenza degli agenti, si davano alla fuga abbandonando sull&#8217;arenile parte della merce in loro possesso. Gli operatori effettuavano, pertanto il recupero della mercanzia e si avviavano verso l&#8217;auto di servizio conta tali oggetti, al fine di assicurarne il recupero, quando improvvisamente uno dei venditori si parava innanzi loro con il chiaro intento di strappare agli operatori le merci poco prima abbandonate. Data la superiorit\u00e0 derivante dalla propria prestanza fisica, la costituzione corporea, l&#8217;altezza e la prestanza fisica di alcune etnie, solitamente dedite al commercio abusivo (oramai divenute presenze frequenti nelle fasce costiere Liguri) \u00e8 incontrovertibilmente superiore a quella della razza caucasica e tale superiorit\u00e0 viene oramai sempre con maggior frequenza e violenza fatta valere dagli interessati, soprattutto al fine di proteggere la merce da porre in vendita, adottando il tutto per tutto al fine del suo recupero\u2026\u201d conclude il sindaco Fiorini.<\/p>\n<p>Anche il circolo del Pd di Spotorno-Noli rincara contro le minoranze: &#8220;L&#8217;intervento di tre membri della minoranza di centrodestra di Spotorno sulla presunta &#8220;istigazione all&#8217;odio razziale&#8221;, scaturito dall<span class=\"text_exposed_show\">a risposta ad una loro interpellanza sui venditori ambulanti, \u00e8 semplicemente surreale. La complessit\u00e0 della loro cervellotica ricostruzione non fa che certificare quante energie stiano investendo alla ricerca di argomenti per attaccare un&#8217;amministrazione che sta lavorando bene e sorprendendo positivamente anche loro (e soprattutto i loro molti elettori pentiti)&#8221;.<br \/>\n<\/span><\/p>\n<p><span class=\"text_exposed_show\">&#8220;Troviamo paradossale che cerchino lo scandalo intorno a temi che le loro forze politiche di riferimento stanno sfruttando biecamente da anni a fini elettorali, sulla pelle delle persone. La loro indignazione \u00e8 talmente fasulla che se fossimo ad altri livelli sembrerebbe una delle tante fake news sullo stile degli haters di Laura Boldrini&#8221;.<br \/>\n<\/span><\/p>\n<p><span class=\"text_exposed_show\">&#8220;Siamo comunque soddisfatti nel notare che i consiglieri di minoranza, argomentando in tema di accoglienza, immigrazione, sicurezza e tutela dei diritti umani, entrino in piena contraddizione con le idee dei loro partiti di riferimento&#8221;.<br \/>\n<\/span><\/p>\n<p><span class=\"text_exposed_show\">&#8220;E il nostro circolo non pu\u00f2 che esprimere soddisfazione se un leghista di ritorno dal raduno di Pontida, un ex leghista (ex di tanti altri partiti) e un intransigente nostalgico delle Crociate, seppur prendendo un granchio, abbiano trovato una sintesi dopo mesi di litigi, su temi universali come l&#8217;antirazzismo&#8221;.<\/span><\/p>\n","protected":false},"excerpt":{"rendered":"<p>Dura risposta del primo cittadino di Spotorno alle affermazioni delle opposizioni contro il consigliere di maggioranza Monica Canepa<\/p>\n","protected":false},"author":4,"featured_media":0,"comment_status":"open","ping_status":"closed","sticky":false,"template":"","format":"standard","meta":{"footnotes":""},"categories":[45296,34,31],"tags":[72449],"class_list":["post-442262","post","type-post","status-publish","format-standard","hentry","category-copertina","category-cronaca","category-politica","tag-comune-spotorno","post_cat_citta-spotorno","post_tag_personaggi-mattia-fiorini"],"amp_validity":null,"amp_enabled":true,"_links":{"self":[{"href":"https:\/\/staging.ivg.it\/ediapi\/wp\/v2\/posts\/442262","targetHints":{"allow":["GET"]}}],"collection":[{"href":"https:\/\/staging.ivg.it\/ediapi\/wp\/v2\/posts"}],"about":[{"href":"https:\/\/staging.ivg.it\/ediapi\/wp\/v2\/types\/post"}],"author":[{"embeddable":true,"href":"https:\/\/staging.ivg.it\/ediapi\/wp\/v2\/users\/4"}],"replies":[{"embeddable":true,"href":"https:\/\/staging.ivg.it\/ediapi\/wp\/v2\/comments?post=442262"}],"version-history":[{"count":0,"href":"https:\/\/staging.ivg.it\/ediapi\/wp\/v2\/posts\/442262\/revisions"}],"wp:attachment":[{"href":"https:\/\/staging.ivg.it\/ediapi\/wp\/v2\/media?parent=442262"}],"wp:term":[{"taxonomy":"category","embeddable":true,"href":"https:\/\/staging.ivg.it\/ediapi\/wp\/v2\/categories?post=442262"},{"taxonomy":"post_tag","embeddable":true,"href":"https:\/\/staging.ivg.it\/ediapi\/wp\/v2\/tags?post=442262"}],"curies":[{"name":"wp","href":"https:\/\/api.w.org\/{rel}","templated":true}]}}