{"id":441793,"date":"2018-06-30T16:28:08","date_gmt":"2018-06-30T14:28:08","guid":{"rendered":"http:\/\/www.ivg.it\/?p=441793"},"modified":"2018-06-30T16:28:08","modified_gmt":"2018-06-30T14:28:08","slug":"san-siro-ad-alassio-rapper-fedez-arriva-alle-vele","status":"publish","type":"post","link":"https:\/\/staging.ivg.it\/2018\/06\/san-siro-ad-alassio-rapper-fedez-arriva-alle-vele\/","title":{"rendered":"Da San Siro ad Alassio, il rapper Fedez arriva alle &#8220;Vele&#8221;"},"content":{"rendered":"<p><strong>Alassio<\/strong>. Un evento esclusivo che porter\u00e0 Fedez, uno degli artisti italiani del momento, ad Alassio. E&#8217; il dj set organizzato dalla discoteca &#8220;Le Vele&#8221; che venerd\u00ec 20 luglio, dalle 23, avr\u00e0 in console il rapper reduce da un tour pieno di successo concluso con il concerto sold out nello stadio a San Siro.<\/p>\n<p>Un appuntamento da non perdere per gli amanti della movida che, sicuramente, affolleranno il locale alassino per non perdersi la &#8220;notte italiana&#8221; con lo show di Fedez (nome d&#8217;arte di Federico Leonardo Lucia). Un evento per il quale il patron delle Vele, Niccol\u00f2 Fiori, non nasconde il suo orgoglio: &#8220;Lo rincorrevamo da anni e finalmente quest&#8217;anno si \u00e8 presentata l&#8217;occasione giusta. In accordo con il management, e dopo un&#8217;attenta analisi dei suoi impegni, siamo arrivati al goal&#8221;.<\/p>\n<p>&#8220;Che un artista di questo calibro scelga Alassio \u00e8 sicuramente motivo di orgoglio per tutta la Riviera ligure di Ponente. Tempo fa ho letto su un\u2019importante testata del settore che Gallipoli anche quest&#8217;anno \u00e9 all&#8217;avanguardia in tutto per quanto riguarda il divertimento notturno, io credo che anche la nostra zona e i miei colleghi non debbano invidiare nulla: siamo sempre stati una Riviera rinomata e sempre lo saremo e pi\u00f9 saremo tutti uniti nel proporre strutture ed eventi artistici livello pi\u00f9 ne beneficer\u00e0 il territorio intero per quanto riguarda l&#8217;offerta turistica&#8221; prosegue Fiori.<\/p>\n<p><iframe loading=\"lazy\" style=\"border: none; overflow: hidden;\" src=\"https:\/\/www.facebook.com\/plugins\/post.php?href=https%3A%2F%2Fwww.facebook.com%2Flevelealassio%2Fposts%2F1662682467163139&amp;width=500\" width=\"500\" height=\"653\" frameborder=\"0\" scrolling=\"no\"><\/iframe><\/p>\n<p>&#8220;Tengo a precisare che la presenza di Fedez \u00e8 come Dj Set, uno showcase pensato per alcuni e pochissimi club, sar\u00e0 in ogni caso un evento di alto livello e come sempre ci impegneremo al massimo in ogni dettaglio&#8221; conclude il patron della discoteca &#8220;Le Vele&#8221;.<\/p>\n<p>Quello di Fedez \u00e8 l&#8217;ultimo nome di prestigio che si aggiunge all&#8217;elenco di stelle (come Caparezza, Ermal Meta e gli artisti di When We Were Kids) che questa estate animeranno le serate alassine. Tra l&#8217;altro il rapper torner\u00e0 in Riviera dove trascorreva le sue estati con gli amici e si era anche fatto fare il suo primo tatuaggio (in un noto studio di Pietra Ligure).<\/p>\n","protected":false},"excerpt":{"rendered":"<p>Il 20 luglio nella discoteca alassina ci sar\u00e0 un dj set con il noto rapper: &#8220;Evento esclusivo, orgoglio per tutta la Riviera&#8221;<\/p>\n","protected":false},"author":2394,"featured_media":0,"comment_status":"open","ping_status":"closed","sticky":false,"template":"","format":"standard","meta":{"footnotes":""},"categories":[45296,56],"tags":[73885],"class_list":["post-441793","post","type-post","status-publish","format-standard","hentry","category-copertina","category-altre","tag-discoteca-le-vele-alassio","post_cat_citta-alassio","post_tag_personaggi-fedez"],"amp_validity":null,"amp_enabled":true,"_links":{"self":[{"href":"https:\/\/staging.ivg.it\/ediapi\/wp\/v2\/posts\/441793","targetHints":{"allow":["GET"]}}],"collection":[{"href":"https:\/\/staging.ivg.it\/ediapi\/wp\/v2\/posts"}],"about":[{"href":"https:\/\/staging.ivg.it\/ediapi\/wp\/v2\/types\/post"}],"author":[{"embeddable":true,"href":"https:\/\/staging.ivg.it\/ediapi\/wp\/v2\/users\/2394"}],"replies":[{"embeddable":true,"href":"https:\/\/staging.ivg.it\/ediapi\/wp\/v2\/comments?post=441793"}],"version-history":[{"count":0,"href":"https:\/\/staging.ivg.it\/ediapi\/wp\/v2\/posts\/441793\/revisions"}],"wp:attachment":[{"href":"https:\/\/staging.ivg.it\/ediapi\/wp\/v2\/media?parent=441793"}],"wp:term":[{"taxonomy":"category","embeddable":true,"href":"https:\/\/staging.ivg.it\/ediapi\/wp\/v2\/categories?post=441793"},{"taxonomy":"post_tag","embeddable":true,"href":"https:\/\/staging.ivg.it\/ediapi\/wp\/v2\/tags?post=441793"}],"curies":[{"name":"wp","href":"https:\/\/api.w.org\/{rel}","templated":true}]}}