{"id":441273,"date":"2018-06-23T18:02:11","date_gmt":"2018-06-23T16:02:11","guid":{"rendered":"http:\/\/www.ivg.it\/?p=441273"},"modified":"2018-06-23T18:02:11","modified_gmt":"2018-06-23T16:02:11","slug":"problemi-viabilita-via-milano-via-pinee-mozione-della-lista-civica-dei-pietresi","status":"publish","type":"post","link":"https:\/\/staging.ivg.it\/2018\/06\/problemi-viabilita-via-milano-via-pinee-mozione-della-lista-civica-dei-pietresi\/","title":{"rendered":"Problemi di viabilit\u00e0 in via Milano e via Pinee: mozione della Lista Civica dei Pietresi"},"content":{"rendered":"<p><strong>Pietra Ligure.<\/strong> Una mozione per chiedere una serie di interventi mirati a migliorare la viabilit\u00e0 in via Milano e via Pinee a Pietra ligure. A depositarla (con tanto di documentazione fotografica) in Comune, luned\u00ec mattina, sar\u00e0 Mario Carrara, capogruppo consiliare della Lista Civica dei Pietresi.<\/p>\n<p>&#8220;Via Milano e via Pinee sono strade in un quartiere che sembra dimenticato. Abbiamo ricevuto svariate segnalazioni dagli abitanti della zona sulle condizioni in cui versa la situazione delle strade principali della zona compresa tra Santa Corona ed il confine con Loano. In via Milano, la circolazione delle automobili, moto, pullman, camion non \u00e8 disciplinata da nessun segnale che ponga un limite alla velocit\u00e0. In via Pinee, invece, vige il limite dei 30 chilometri orari. Com&#8217;\u00e8 possibile che a strade sostanzialmente simili, sia per lunghezza, che per le loro caratteristiche, non debba esser applicata la stessa disciplina della circolazione viaria, con gli stessi limiti alla velocita?&#8221; si chiede Carrara.<\/p>\n<p>&#8220;Recentemente, sono stati posizionati dei dossi, per ridurla; uno dei quali, tuttavia, a detta degli stessi abitanti \u00e9 stato posto in posizione completamente sbagliata. Quest&#8217;ultimo ha dato l&#8217;impressione di essere stato messo in quella ubicazione, tanto per fare qualcosa, &#8230;.per far vedere &#8216;&#8230;di averlo messo&#8217;, indipendentemente dalla sua effettiva utilit\u00e0, anche rispetto ai problemi che avrebbe potuto creare.<br \/>\nInfatti, sono pi\u00f9 i problemi che &#8216;crea&#8217;, rispetto a quelli che &#8216;risolve&#8217;. Il dosso \u00e8 stato posto &#8216;a mare&#8217; rispetto all&#8217;innesto su via Milano della strada pubblica che la congiunge con via Pinee. Esso, invece, l\u00ec dov&#8217;\u00e8, vista l&#8217;esperienza fatta durante gli ultimi acquazzoni, provoca un&#8217;ostruzione al deflusso delle acque meteoriche che provengono dalla sovrastante salita e che, anzich\u00e9 esser smaltite efficacemente, vengono deviate nelle propriet\u00e0 a fianco; quindi, il dosso in questione \u00e8 da spostare in posizione &#8216;al di sopra&#8217; dell&#8217;imbocco della medesima strada pubblica e poco sopra l&#8217;inizio della salita. Cos\u00ec facendo, si raggiungerebbe l&#8217;obiettivo di ridurre la velocit\u00e0 veicolare senza impedire alle acque meteoriche di defluire normalmente, per caduta, dalla discesa, da dove provengono per la maggior parte&#8221; spiega il capogruppo della Lista Civica dei Pietresi.<\/p>\n<p>&#8220;Rileviamo, inoltre, che via Milano, con le sue ridotte dimensioni in larghezza, \u00e8 dotata, prevalentemente, di un unico marciapiede, lato Loano; l&#8217;unico punto in cui i marciapiedi sono presenti da entrambi i lati \u00e8 nella parte iniziale di essa, prospiciente la via Aurelia; per cui accade, normalmente, che tutti, ma, in particolare, mamme con carrozzelle e passeggini, nonch\u00e9 disabili, per raggiungere il marciapiede del lato opposto, siano costretti ad attraversare la strada, pur molto trafficata, camminando sulla carreggiata; per questo, per rendere pi\u00f9 sicura la percorribilit\u00e0 pedonale, specie a tutela dei soggetti pi\u00f9 deboli, appare, necessario adempiere a quanto segnalato dalla gente, realizzando la &#8216;zebra&#8217; di un nuovo passaggio pedonale, in corrispondenza del bar e dell&#8217;unico negozio esistente sulla via. Non possiamo esimerci dall&#8217;evidenziare lo stato di abbandono in cui \u00e8 lasciata via Pinee, in cui le opere di ordinaria manutenzione di pulizia della carreggiata non vengono effettuate da tempo; tant&#8217;\u00e9 vero che rami, frasche ed erba, la fanno da padroni rendendo difficoltoso il parcheggio ed invadendo la strada, fino a restringerla; ci chiediamo: ma perch\u00e9 questa totale &#8220;noncuranza&#8221;? Che fine ha fatto il progetto, gi\u00e0 fatto predisporre da chi ora scrive sul finire della precedente Amministrazione Comunale, di realizzazione del marciapiede in via Pinee? Perch\u00e9 non \u00e8 stato pi\u00f9 posto a bilancio e programmato nelle opere pubbliche da farsi?&#8221; aggiunge Carrara.<\/p>\n<p>&#8220;Per tutti questi &#8216;documentati&#8217; motivi, chiediamo che si approvi la presente mozione, secondo il dispositivo che segue: il Consiglio Comunale di Pietra Ligure impegna il Sindaco e la Giunta ad adempiere alle esigenze della cittadinanza di via Milano e via Pinee, attuando i seguenti interventi. In via Milano: realizzare il passaggio pedonale &#8216;zebrato&#8217;, nei pressi del bar e del negozio; spostare il dosso in posizione pi\u00f9 &#8216;a monte&#8217;, rispetto alla strada pubblica di collegamento con via Pinee; porre il limite di velocit\u00e0 all&#8217;inizio della strada. In via Pinee: eseguire lo sfalcio da rami ed arbusti e la pulizia dalle erbacce; inserire a bilancio e nel piano delle opere pubbliche la realizzazione del marciapiede&#8221; conclude il capogruppo della Lista Civica dei Pietresi.<\/p>\n","protected":false},"excerpt":{"rendered":"<p>Il capogruppo Mario Carrara segnala diversi problemi e chiede alla Giunta di risolverli<\/p>\n","protected":false},"author":2394,"featured_media":0,"comment_status":"open","ping_status":"closed","sticky":false,"template":"","format":"standard","meta":{"footnotes":""},"categories":[31],"tags":[98597],"class_list":["post-441273","post","type-post","status-publish","format-standard","hentry","category-politica","tag-lista-civica-dei-pietresi","post_cat_citta-pietra-ligure","post_tag_personaggi-mario-carrara"],"amp_validity":null,"amp_enabled":true,"_links":{"self":[{"href":"https:\/\/staging.ivg.it\/ediapi\/wp\/v2\/posts\/441273","targetHints":{"allow":["GET"]}}],"collection":[{"href":"https:\/\/staging.ivg.it\/ediapi\/wp\/v2\/posts"}],"about":[{"href":"https:\/\/staging.ivg.it\/ediapi\/wp\/v2\/types\/post"}],"author":[{"embeddable":true,"href":"https:\/\/staging.ivg.it\/ediapi\/wp\/v2\/users\/2394"}],"replies":[{"embeddable":true,"href":"https:\/\/staging.ivg.it\/ediapi\/wp\/v2\/comments?post=441273"}],"version-history":[{"count":0,"href":"https:\/\/staging.ivg.it\/ediapi\/wp\/v2\/posts\/441273\/revisions"}],"wp:attachment":[{"href":"https:\/\/staging.ivg.it\/ediapi\/wp\/v2\/media?parent=441273"}],"wp:term":[{"taxonomy":"category","embeddable":true,"href":"https:\/\/staging.ivg.it\/ediapi\/wp\/v2\/categories?post=441273"},{"taxonomy":"post_tag","embeddable":true,"href":"https:\/\/staging.ivg.it\/ediapi\/wp\/v2\/tags?post=441273"}],"curies":[{"name":"wp","href":"https:\/\/api.w.org\/{rel}","templated":true}]}}