{"id":440777,"date":"2018-06-16T14:06:09","date_gmt":"2018-06-16T12:06:09","guid":{"rendered":"http:\/\/www.ivg.it\/?p=440777"},"modified":"2018-06-16T14:06:09","modified_gmt":"2018-06-16T12:06:09","slug":"vazio-paita-caprioglio-grazie-giunta-berruti-cerano-fondi-santa-chiara-ora-opportunita-svanisce","status":"publish","type":"post","link":"https:\/\/staging.ivg.it\/2018\/06\/vazio-paita-caprioglio-grazie-giunta-berruti-cerano-fondi-santa-chiara-ora-opportunita-svanisce\/","title":{"rendered":"Vazio e Paita contro Caprioglio: &#8220;Grazie a giunta Berruti c&#8217;erano fondi per Santa Chiara, ora opportunit\u00e0 svanisce&#8221;"},"content":{"rendered":"<p><strong>Savona.<\/strong> &#8220;Grazie al buon lavoro della giunta di centrosinistra precedente, la citt\u00e0 aveva raggiunto obiettivi per riqualificare edifici storici molto importanti, in seguito ai finanziamenti del Governo Renzi. Oggi apprendiamo per\u00f2 che con la giunta di destra non se ne far\u00e0 pi\u00f9 niente&#8221;. La critica al sindaco Ilaria Caprioglio arriva da due esponenti del Partito Democratico, Franco Vazio e Raffaella Paita, dopo che il primo cittadino ha annunciato l&#8217;intenzione di dirottare i 5 milioni promessi dalla Regione per il recupero di Palazzo Santa Chiara su altre necessit\u00e0 pi\u00f9 impellenti.<\/p>\n<p>Una scelta contestata per le possibili conseguenze: secondo i due dem il rischio \u00e8 quello di veder svanire, oltre all&#8217;opportunit\u00e0 di riqualificare l&#8217;antico Palazzo Della Rovere, anche i finanziamenti. &#8220;Con il fondo strategico la Regione aveva deciso di finanziare il recupero di Villa Zanelli, gioiello liberty sul mare. Iniziativa certamente strategica e quindi coerente col gli indirizzi del fondo &#8211; ricordano il parlamentare e la consigliera regionale &#8211; Successivamente, grazie al progetto periferie voluto dal governo Renzi, il Comune di Savona ottiene un finanziamento di 18 milioni per il recupero del waterfront di ponente, compresa la storica villa. A questo punto fatto un secondo annuncio ai savonesi: la Regione non ritira il finanziamento, che invece viene destinato al restauro di Palazzo Santa Chiara&#8221;.<\/p>\n<p>&#8220;Una scelta fondamentale per la citt\u00e0 &#8211; insistono Vazio e Paita &#8211; seguendo l&#8217;impostazione della giunta Berruti si pensa di recuperare un complesso di enorme valore storico per ospitare la biblioteca. Ci sono gi\u00e0 le risorse accantonate da Berruti derivanti dalla cessione di quote azionarie e c&#8217;\u00e8 un accordo di valorizzazione e utilizzo del bene con Demanio e MIBAC che scade tra 4 anni. Sembrava finalmente fatta. Un&#8217;aspirazione storica della citt\u00e0 stava per diventare realt\u00e0. E invece oggi veniamo a sapere dalla stampa che non se ne far\u00e0 niente&#8221;.<\/p>\n<p>&#8220;Stiamo esaminando gli edifici che necessitano di interventi al fine di comprendere come utilizzare le risorse del fondo regionale&#8221;, ha dichiarato Caprioglio. &#8220;Dichiarazione di una disarmante ingenuit\u00e0 &#8211; replicano i due democratici &#8211; non si tratta infatti di risorse proprie, utilizzabili a discrezione del Comune, ma di fondi da destinare a progetti strategici di rilevanza regionale, che potrebbero essere destinati ad altre realt\u00e0 capaci di esprimere progettualit\u00e0 di livello adeguate&#8221;.<\/p>\n<p>&#8220;Rimane un dato amaro: grazie al lavoro sinergico tra Governo e enti territoriali la citt\u00e0 stava per cogliere due obiettivi storici, ora uno svanisce &#8211; concludono &#8211; Una semplice domanda: ma su tutto questo Toti non ha nulla da dire?&#8221;.<\/p>\n","protected":false},"excerpt":{"rendered":"<p>I due dem criticano duramente il sindaco di Savona: &#8220;Dichiarazioni di disarmante ingenuit\u00e0, non pu\u00f2 usare risorse come vuole&#8221;<\/p>\n","protected":false},"author":10593,"featured_media":0,"comment_status":"open","ping_status":"closed","sticky":false,"template":"","format":"standard","meta":{"footnotes":""},"categories":[31],"tags":[41503],"class_list":["post-440777","post","type-post","status-publish","format-standard","hentry","category-politica","tag-palazzo-santa-chiara","post_cat_citta-savona","post_tag_personaggi-franco-vazio","post_tag_personaggi-ilaria-caprioglio","post_tag_personaggi-raffaella-paita"],"amp_validity":null,"amp_enabled":true,"_links":{"self":[{"href":"https:\/\/staging.ivg.it\/ediapi\/wp\/v2\/posts\/440777","targetHints":{"allow":["GET"]}}],"collection":[{"href":"https:\/\/staging.ivg.it\/ediapi\/wp\/v2\/posts"}],"about":[{"href":"https:\/\/staging.ivg.it\/ediapi\/wp\/v2\/types\/post"}],"author":[{"embeddable":true,"href":"https:\/\/staging.ivg.it\/ediapi\/wp\/v2\/users\/10593"}],"replies":[{"embeddable":true,"href":"https:\/\/staging.ivg.it\/ediapi\/wp\/v2\/comments?post=440777"}],"version-history":[{"count":0,"href":"https:\/\/staging.ivg.it\/ediapi\/wp\/v2\/posts\/440777\/revisions"}],"wp:attachment":[{"href":"https:\/\/staging.ivg.it\/ediapi\/wp\/v2\/media?parent=440777"}],"wp:term":[{"taxonomy":"category","embeddable":true,"href":"https:\/\/staging.ivg.it\/ediapi\/wp\/v2\/categories?post=440777"},{"taxonomy":"post_tag","embeddable":true,"href":"https:\/\/staging.ivg.it\/ediapi\/wp\/v2\/tags?post=440777"}],"curies":[{"name":"wp","href":"https:\/\/api.w.org\/{rel}","templated":true}]}}