{"id":440650,"date":"2018-06-14T17:49:15","date_gmt":"2018-06-14T15:49:15","guid":{"rendered":"http:\/\/www.ivg.it\/?p=440650"},"modified":"2018-06-14T18:08:02","modified_gmt":"2018-06-14T16:08:02","slug":"alassio-melgrati-dichiara-guerra-al-turismo-low-cost-tassa-500-euro-pullman-non-portano-nulla-solo-guai","status":"publish","type":"post","link":"https:\/\/staging.ivg.it\/2018\/06\/alassio-melgrati-dichiara-guerra-al-turismo-low-cost-tassa-500-euro-pullman-non-portano-nulla-solo-guai\/","title":{"rendered":"Alassio, Melgrati dichiara guerra al turismo low cost con una tassa da 500 euro a pullman: &#8220;Non portano nulla, solo guai&#8221;"},"content":{"rendered":"<p><strong>Alassio.<\/strong> E\u2019 previsto nel suo programma elettorale ed \u00e8 pronto ad attuarlo subito dopo il giuramento in Consiglio comunale. Ad Alassio il sindaco Marco Melgrati &#8220;dichiara guerra&#8221; ai pullman turistici low cost, ed \u00e8 pronto ad introdurre una tassazione specifica per disincentivare i bus del turismo giornaliero \u201cmordi e fuggi\u201d: per l\u2019ingresso nella citt\u00e0 del Muretto ogni mezzo dovr\u00e0 essere munito di apposito bollino e si pensa ad una imposta da 500 euro per ogni pullman.<\/p>\n<p>E\u2019 uno dei pacchetti di azioni che l\u2019amministrazione comunale intende intraprendere per questa estate 2018, con l\u2019obiettivo di arrestare l\u2019ondata di bus in arrivo nel lido alassino nei weekend e nella domenica.\u00a0Quindi, nel futuro di Alassio via la tassa di soggiorno e ok ad una nuova tassazione per i pullman dei turisti &#8220;low cost&#8221;, che certamente non mancher\u00e0 di suscitare polemiche.<\/p>\n<p>Quello che \u00e8 certo \u00e8 che il sindaco Melgrati vuole fermare \u201cl\u2019invasione\u201d dei vacanzieri giornalieri\u00a0che puntano alle spiagge libere e a una spesa ridotta: \u201cE\u2019 un provvedimento che rientra nel nostro programma amministrativo \u2013 conferma il neosindaco\u00a0&#8211; Pensiamo che questo genere di fenomeno sia dannoso e non porti nulla al nostro territorio, anzi \u00e8 sovente motivo di problemi all\u2019ordine pubblico e vere e proprie occupazioni nelle spiagge nelle ore notturne con campeggi abusivi e numerosa sporcizia sul nostro litorale.\u00a0Sicuramente &#8211; conclude &#8211; assieme agli uffici metteremo assieme un pacchetto di provvedimenti per contrastare questo fenomeno\u201d.<\/p>\n<p>Ovviamente l\u2019azione del primo cittadino alassino potrebbe mettere in difficolt\u00e0\u00a0altri comuni vicini, dato che di fronte a una simile &#8220;gabella&#8221; i turisti \u201clow cost\u201d che potrebbero riversarsi sulle spiagge di Laigueglia, Albenga o altri lidi. \u201cPur apprezzando nel merito un possibile provvedimento del genere, credo sia opportuno regolamentare il fenomeno a livello comprensoriale\u201d afferma il neo sindaco di Laigueglia Roberto Sasso Del Verme.<\/p>\n<p>\u201cVedremo se un provvedimento del genere sar\u00e0 davvero attuato, ad ora Albenga non presenta una problematica cos\u00ec evidente come si \u00e8 manifestata negli anni scorsi in altri comuni\u00a0&#8211;\u00a0sottolinea il sindaco Giorgio Cangiano &#8211; Non c\u2019\u00e8 un impatto diretto sul turismo &#8216;low cost&#8217;, quindi vedremo&#8221;.<\/p>\n<p>Il problema affligge storicamente diversi comuni rivieraschi, tra cui anche Finale Ligure: \u201cAttrezzeremo un parcheggio a pagamento per i pullman turistici e ci saranno i controlli della polizia municipale, come l\u2019anno scorso &#8211; spiega il sindaco Ugo Frascherelli &#8211; Credo che applicare una\u00a0tassazione del genere richieda\u00a0un percorso difficile anche da un punto di vista amministrativo e giuridico. Si possono creare aree park facendo pagare un corrispettivo, ma altri provvedimenti pi\u00f9 incisivi sono complicati&#8230; mi pare anzi che alcuni Comuni italiani che hanno introdotto un provvedimento del genere siano poi stati costretti a ritirarlo\u201d.<\/p>\n","protected":false},"excerpt":{"rendered":"<p>Il primo cittadino alassino non ha dubbi: &#8220;Vareremo dei provvedimenti per fermarli&#8221;. Gli altri sindaci: &#8220;Difficile, ragioniamo come comprensorio&#8221;<\/p>\n","protected":false},"author":4,"featured_media":0,"comment_status":"open","ping_status":"closed","sticky":false,"template":"","format":"standard","meta":{"footnotes":""},"categories":[45296,34,35,31],"tags":[36051,95966],"class_list":["post-440650","post","type-post","status-publish","format-standard","hentry","category-copertina","category-cronaca","category-economia","category-politica","tag-comune-alassio","tag-turisti-low-cost","post_cat_citta-alassio","post_tag_personaggi-giorgio-cangiano-2","post_tag_personaggi-marco-melgrati","post_tag_personaggi-roberto-sasso-del-verme","post_tag_personaggi-ugo-frascherelli"],"amp_validity":null,"amp_enabled":true,"_links":{"self":[{"href":"https:\/\/staging.ivg.it\/ediapi\/wp\/v2\/posts\/440650","targetHints":{"allow":["GET"]}}],"collection":[{"href":"https:\/\/staging.ivg.it\/ediapi\/wp\/v2\/posts"}],"about":[{"href":"https:\/\/staging.ivg.it\/ediapi\/wp\/v2\/types\/post"}],"author":[{"embeddable":true,"href":"https:\/\/staging.ivg.it\/ediapi\/wp\/v2\/users\/4"}],"replies":[{"embeddable":true,"href":"https:\/\/staging.ivg.it\/ediapi\/wp\/v2\/comments?post=440650"}],"version-history":[{"count":0,"href":"https:\/\/staging.ivg.it\/ediapi\/wp\/v2\/posts\/440650\/revisions"}],"wp:attachment":[{"href":"https:\/\/staging.ivg.it\/ediapi\/wp\/v2\/media?parent=440650"}],"wp:term":[{"taxonomy":"category","embeddable":true,"href":"https:\/\/staging.ivg.it\/ediapi\/wp\/v2\/categories?post=440650"},{"taxonomy":"post_tag","embeddable":true,"href":"https:\/\/staging.ivg.it\/ediapi\/wp\/v2\/tags?post=440650"}],"curies":[{"name":"wp","href":"https:\/\/api.w.org\/{rel}","templated":true}]}}