{"id":439961,"date":"2018-06-07T10:42:54","date_gmt":"2018-06-07T08:42:54","guid":{"rendered":"http:\/\/www.ivg.it\/?p=439961"},"modified":"2018-06-07T10:55:48","modified_gmt":"2018-06-07T08:55:48","slug":"ceriale-2018-rosanna-gelmini-lista-romano-pronti-difendere-artigiani-piccoli-negozi","status":"publish","type":"post","link":"https:\/\/staging.ivg.it\/2018\/06\/ceriale-2018-rosanna-gelmini-lista-romano-pronti-difendere-artigiani-piccoli-negozi\/","title":{"rendered":"Ceriale 2018, Rosanna Gelmini (lista Romano): &#8220;Pronti a difendere artigiani e piccoli negozi&#8221;"},"content":{"rendered":"<p><strong>Ceriale.<\/strong> \u201cHo scelto di candidarmi nella lista civica &#8220;Ceriale Siamo Noi\u201d e partecipare a questa competizione elettorale solamente dopo aver analizzato le caratteristiche dei vari partecipanti alla squadra e sono tutte persone che gi\u00e0 conoscevo e stimo\u201d. Lo afferma Rosanna Gelmini, mamma a tempo pieno e moglie di un noto artigiano cerialese, candidata con la lista a sostegno della candidatura a sindaco di Luigi Romano.<\/p>\n<p>\u201cNon \u00e8 stato difficile stendere un programma assolutamente integrante con la mia personalit\u00e0 perch\u00e9 nonostante le diverse caratteristiche ideologiche di ognuno di noi \u00e8 prevalso lo stimolo di portare avanti con le proprie varianti gli obiettivi comuni, creando cos\u00ec un gruppo ben coeso!\u201d.<\/p>\n<p>\u201cConosco bene le difficolt\u00e0 in cui versano i piccoli artigiani del luogo vivendole quotidianamente attraverso il lavoro di mio marito che \u00e8 a stretto contatto con le aziende agricole della zona. Sono per la crescita del paese sia commercialmente che turisticamente, ho sempre pensato che per mantenere vivi i pochi negozi che ci sono bisogna usarli ed amarli\u201d. <\/p>\n<p>\u201cA chi mi ha chiesto, scherzosamente, cosa avrei dato in cambio del voto la mia risposta \u00e8 stata il mio tempo e il mio impegno&#8221;, condizioni comuni a tutti i componenti del mio gruppo, a chi mi ha chiesto se credo ancora nelle favole ho risposto &#8220;non pi\u00f9, da quando ho scoperto che Babbo Natale e la Befana erano mamma e pap\u00e0&#8221;&#8230; Per questo ho scelto &#8220;Ceriale Siamo Noi&#8221; conclude Rosanna Gelmini.<\/p>\n","protected":false},"excerpt":{"rendered":"<p>La candidata alla carica di consigliere comunale spiega le sue ragioni della discesa in campo<\/p>\n","protected":false},"author":4,"featured_media":0,"comment_status":"open","ping_status":"closed","sticky":false,"template":"","format":"standard","meta":{"footnotes":""},"categories":[45296,31],"tags":[98185],"class_list":["post-439961","post","type-post","status-publish","format-standard","hentry","category-copertina","category-politica","tag-ceriale-2018","post_tag_personaggi-luigi-romano"],"amp_validity":null,"amp_enabled":true,"_links":{"self":[{"href":"https:\/\/staging.ivg.it\/ediapi\/wp\/v2\/posts\/439961","targetHints":{"allow":["GET"]}}],"collection":[{"href":"https:\/\/staging.ivg.it\/ediapi\/wp\/v2\/posts"}],"about":[{"href":"https:\/\/staging.ivg.it\/ediapi\/wp\/v2\/types\/post"}],"author":[{"embeddable":true,"href":"https:\/\/staging.ivg.it\/ediapi\/wp\/v2\/users\/4"}],"replies":[{"embeddable":true,"href":"https:\/\/staging.ivg.it\/ediapi\/wp\/v2\/comments?post=439961"}],"version-history":[{"count":0,"href":"https:\/\/staging.ivg.it\/ediapi\/wp\/v2\/posts\/439961\/revisions"}],"wp:attachment":[{"href":"https:\/\/staging.ivg.it\/ediapi\/wp\/v2\/media?parent=439961"}],"wp:term":[{"taxonomy":"category","embeddable":true,"href":"https:\/\/staging.ivg.it\/ediapi\/wp\/v2\/categories?post=439961"},{"taxonomy":"post_tag","embeddable":true,"href":"https:\/\/staging.ivg.it\/ediapi\/wp\/v2\/tags?post=439961"}],"curies":[{"name":"wp","href":"https:\/\/api.w.org\/{rel}","templated":true}]}}