{"id":439747,"date":"2018-06-05T10:09:46","date_gmt":"2018-06-05T08:09:46","guid":{"rendered":"http:\/\/www.ivg.it\/?p=439747"},"modified":"2018-06-05T10:09:46","modified_gmt":"2018-06-05T08:09:46","slug":"pietra-comune-la-presentazione-della-carta-dei-servizi-sulla-infanzia","status":"publish","type":"post","link":"https:\/\/staging.ivg.it\/2018\/06\/pietra-comune-la-presentazione-della-carta-dei-servizi-sulla-infanzia\/","title":{"rendered":"Pietra, in Comune la presentazione della \u201cCarta dei Servizi sulla Prima Infanzia\u201d"},"content":{"rendered":"<p><strong>Pietra Ligure.<\/strong> Gioved\u00ec 7 giugno, alle 17, nella Sala Consiliare del Comune di Pietra Ligure in Piazza Martiri della Libert\u00e0 30 si terr\u00e0 la presentazione della \u201cCarta dei Servizi sulla Prima Infanzia\u201d del Distretto Sociale Finalese numero 5.<\/p>\n<p>Nella \u201cCarta dei Servizi sulla Prima Infanzia\u201d sono contenute le informazioni riguardanti le caratteristiche di tutte le strutture del territorio che hanno ottenuto l&#8217;accreditamento di Regione Liguria e sono risultate quindi idonee a fornire servizi rivolti alla prima infanzia.<\/p>\n<p>&#8220;La Carta dei Servizi sulla Prima Infanzia vuole essere uno strumento per aiutare l&#8217;utenza nella scelta consapevole di un servizio, a tutela dei bambini e dei genitori. Certifica che tutte le strutture presenti sul territorio del Distretto Sociale Finalese accreditate e idonee ad accogliere bambini da zero a tre anni rispondano a precisi standard di qualit\u00e0.<br \/>\nE&#8217; finalizzata al costante miglioramento dei servizi offerti, \u00e8 improntata alla massima trasparenza e al conseguimento di una stabile e proficua comunicazione con i cittadini&#8221; spiega l&#8217;assessore alle politiche sociali del Comune di Pietra Ligure Paolo Carrara.<\/p>\n<p>&#8220;La qualit\u00e0 del servizio viene garantita attraverso il mantenimento di un adeguato rapporto numerico adulto-bambino, secondo le indicazioni normative regionali, assicurando tempi di compresenza al fine di favorire l&#8217;esperienza sociale cognitiva dei bambini attraverso lavoro con piccoli gruppi e personalizzare il rapporto degli educatori con i singoli bambini e le loro famiglie; la formazione permanente e obbligatoria di tutti gli operatori; la presenza di un progetto pedagogico e di una programmazione educativa annuale; la presenza obbligatoria di un coordinatore pedagogico in ogni servizio; la partecipazione ed il coinvolgimento delle famiglie&#8221; aggiunge Carrara.<\/p>\n<p>&#8220;Il coordinamento pedagogico distrettuale \u00e8 affidato ad un competente professionista che svolge un ruolo di regia del sistema integrato dei servizi per la prima infanzia attraverso un costante lavoro di promozione culturale, orientamento, messa in rete e regolazione del sistema. Il confronto tra il Distretto sociale e i servizi prima infanzia del territorio avviene all&#8217;interno di un periodico tavolo tecnico. Le amministrazioni locali si assumono la responsabilit\u00e0 del controllo dei requisiti di tutti i servizi contenuti nella carta&#8221; conclude l&#8217;assessore alle politiche sociali.<\/p>\n","protected":false},"excerpt":{"rendered":"<p>Contiene le informazioni delle strutture del territorio che hanno ottenuto l&#8217;accreditamento della Regione e sono idonee a fornire servizi rivolti alla prima infanzia<\/p>\n","protected":false},"author":2394,"featured_media":0,"comment_status":"open","ping_status":"closed","sticky":false,"template":"","format":"standard","meta":{"footnotes":""},"categories":[56],"tags":[15806],"class_list":["post-439747","post","type-post","status-publish","format-standard","hentry","category-altre","tag-carta-dei-servizi","post_cat_citta-loano","post_tag_personaggi-paolo-carrara"],"amp_validity":null,"amp_enabled":true,"_links":{"self":[{"href":"https:\/\/staging.ivg.it\/ediapi\/wp\/v2\/posts\/439747","targetHints":{"allow":["GET"]}}],"collection":[{"href":"https:\/\/staging.ivg.it\/ediapi\/wp\/v2\/posts"}],"about":[{"href":"https:\/\/staging.ivg.it\/ediapi\/wp\/v2\/types\/post"}],"author":[{"embeddable":true,"href":"https:\/\/staging.ivg.it\/ediapi\/wp\/v2\/users\/2394"}],"replies":[{"embeddable":true,"href":"https:\/\/staging.ivg.it\/ediapi\/wp\/v2\/comments?post=439747"}],"version-history":[{"count":0,"href":"https:\/\/staging.ivg.it\/ediapi\/wp\/v2\/posts\/439747\/revisions"}],"wp:attachment":[{"href":"https:\/\/staging.ivg.it\/ediapi\/wp\/v2\/media?parent=439747"}],"wp:term":[{"taxonomy":"category","embeddable":true,"href":"https:\/\/staging.ivg.it\/ediapi\/wp\/v2\/categories?post=439747"},{"taxonomy":"post_tag","embeddable":true,"href":"https:\/\/staging.ivg.it\/ediapi\/wp\/v2\/tags?post=439747"}],"curies":[{"name":"wp","href":"https:\/\/api.w.org\/{rel}","templated":true}]}}